{"id":10210,"date":"2014-01-06T18:58:51","date_gmt":"2014-01-06T17:58:51","guid":{"rendered":"http:\/\/www.schachbezirk-mittelbaden.de\/wp\/?p=10210"},"modified":"2014-01-07T18:04:36","modified_gmt":"2014-01-07T17:04:36","slug":"jonathan-clancy-badischer-vizemeister","status":"publish","type":"post","link":"https:\/\/www.schachbezirk-mittelbaden.de\/wp\/?p=10210","title":{"rendered":"Jonathan Clancy Badischer Vizemeister!"},"content":{"rendered":"<table align=\"right\" cellspacing=\"8\" width=\"173\">\n<tr>\n<td><a href=\"http:\/\/www.schachbezirk-mittelbaden.de\/wp\/wp-content\/uploads\/2012\/04\/JQT-JonathanClancy.jpg\" rel=\"lightbox[10210]\"><img loading=\"lazy\" decoding=\"async\" src=\"http:\/\/www.schachbezirk-mittelbaden.de\/wp\/wp-content\/uploads\/2012\/04\/JQT-JonathanClancy-173x260.jpg\" title=\"Jonathan Clancy\" width=\"173\" height=\"260\"\/><\/a><\/td>\n<\/tr>\n<tr>\n<td><strong>Jonathan Clancy (SC Iffezheim)<\/strong><\/td>\n<\/tr>\n<\/table>\n<p><strong> &#8211; \u00c3\u0153berraschungscoup von Iffezheims Nachwuchshoffnung &#8211; <\/strong><br \/>\nVon Christian Dettweiler &#8211;<br \/>\nAn den Badischen Jugend-Einzel-Meisterschaften 2014 der Altersklasse U20+U18, die vom 02.01. bis 06.01.14 in Karlsruhe-Durlach stattfanden, nahm mit Jonathan Clancy auch ein Iffezheimer teil. Die Rangliste wurde angef\u00c3\u00bchrt von Maximilian Ruff vom SC Brandeck Turm Ohlsbach (DWZ 2129) vor Marcel Herm (SK Ketsch, 2046) und Andreas Ciolek (SK Singen, 1952). Jonathan war mit seinen 1717 DWZ nur auf Platz 14 des 22k\u00c3\u00b6pfigen Teilnehmerfeldes gef\u00c3\u00bchrt.<br \/>\nDoch Iffezheims Nachwuchshoffnung mischte das Feld kr\u00c3\u00a4ftig auf und sollte letztlich d i e Turnier\u00c3\u00bcberraschung werden. Schon in Runde 1 gelang ihm ein Sieg gegen den auf Setzlistenplatz 3 gef\u00c3\u00bchrten Ciolek. Joannis Kast (SK J\u00c3\u00b6hlingen, DWZ 1834) konnte er im zweiten Durchgang mit den schwarzen Steinen bezwingen.<br \/>\nIn Runde 3 kam es dann zum Aufeinandertreffen mit dem haushohen Turnierfavoriten. Doch auch Maximilian Ruff konnte Jonathan nur bedingt stoppen, der Iffezheimer erreichte ein Remis mit Wei\u00c3\u0178 gegen den \u00c3\u00bcber 410 DWZ h\u00c3\u00b6her eingestuften Ohlsbacher. Felix Jaeschke vom SK Sandhausen (DWZ 1919) war auch nur eine Durchgangsstation, so dass sich der nominell im hinteren Feld gef\u00c3\u00bchrte Jonathan auf einmal v\u00c3\u00b6llig \u00c3\u00bcberraschend an der Tabellenspitze wiederfand. Felix Schell vom SC Horben (DWZ 1800) konnte Jonathan allerdings in Runde 5 ebenso ein Remis abringen wie Kaan Firat vom SK Hemsbach (1732). Dennoch rangierte Jonathan vor der Schlussrunde mit 4,5\/6 weiter auf einem herausragenden zweiten Tabellenplatz hinter dem mit 5,5\/6 enteilten Maximilian Ruff.<br \/>\nIn Runde 7 teilte Jonathan nochmals mit Patrik Dieterle (SABT TV Neuenb\u00c3\u00bcrg, DWZ 1605) den Punkt, was ihm Dank der besseren Buchholzwertung zu Rang 2 vor Andreas Ciolek und hinter Maximilian Ruff reichte. Geradezu sagenhafte 110 DWZ Zugewinn auf neue 1827 waren der Lohn f\u00c3\u00bcr ein au\u00c3\u0178ergew\u00c3\u00b6hnliches Turnier. Herzlichen Gl\u00c3\u00bcckwunsch zu diesem tollen Erfolg!<br \/>\nAlle Ergebnisse, auch der anderen Altersklassen, und aktuelle Tabellenst\u00c3\u00a4nde der beiden Turniere gibt es <a href=\"http:\/\/bjem2014.sjb.badischer-schachverband.de\/index.php?mainreson=turnier\">hier<\/a>.<br \/>\n<strong>Quelle:<\/strong> <a href=\"http:\/\/www.sc-iffezheim.de\/index.php\/JugendTurnierExtern\/items\/jonathan-erfolgreich-auf-badischer-ebene.html\">http:\/\/www.sc-iffezheim.de\/index.php\/JugendTurnierExtern\/items\/jonathan-erfolgreich-auf-badischer-ebene.html<\/a><\/p>\n<h3>Related Images:<\/h3>","protected":false},"excerpt":{"rendered":"<p>Jonathan Clancy (SC Iffezheim) &#8211; \u00c3\u0153berraschungscoup von Iffezheims Nachwuchshoffnung &#8211; Von Christian Dettweiler &#8211; An den Badischen Jugend-Einzel-Meisterschaften 2014 der Altersklasse U20+U18, die vom 02.01. bis 06.01.14 in Karlsruhe-Durlach stattfanden, nahm mit Jonathan Clancy auch ein Iffezheimer teil. Die Rangliste wurde angef\u00c3\u00bchrt von Maximilian Ruff vom SC Brandeck Turm Ohlsbach (DWZ 2129) vor Marcel Herm [&hellip;]<\/p>\n","protected":false},"author":1,"featured_media":6999,"comment_status":"open","ping_status":"open","sticky":false,"template":"","format":"standard","meta":{"ngg_post_thumbnail":0,"footnotes":""},"categories":[14,20],"tags":[],"class_list":["post-10210","post","type-post","status-publish","format-standard","has-post-thumbnail","hentry","category-jugend","category-schachverband"],"aioseo_notices":[],"_links":{"self":[{"href":"https:\/\/www.schachbezirk-mittelbaden.de\/wp\/index.php?rest_route=\/wp\/v2\/posts\/10210","targetHints":{"allow":["GET"]}}],"collection":[{"href":"https:\/\/www.schachbezirk-mittelbaden.de\/wp\/index.php?rest_route=\/wp\/v2\/posts"}],"about":[{"href":"https:\/\/www.schachbezirk-mittelbaden.de\/wp\/index.php?rest_route=\/wp\/v2\/types\/post"}],"author":[{"embeddable":true,"href":"https:\/\/www.schachbezirk-mittelbaden.de\/wp\/index.php?rest_route=\/wp\/v2\/users\/1"}],"replies":[{"embeddable":true,"href":"https:\/\/www.schachbezirk-mittelbaden.de\/wp\/index.php?rest_route=%2Fwp%2Fv2%2Fcomments&post=10210"}],"version-history":[{"count":0,"href":"https:\/\/www.schachbezirk-mittelbaden.de\/wp\/index.php?rest_route=\/wp\/v2\/posts\/10210\/revisions"}],"wp:featuredmedia":[{"embeddable":true,"href":"https:\/\/www.schachbezirk-mittelbaden.de\/wp\/index.php?rest_route=\/wp\/v2\/media\/6999"}],"wp:attachment":[{"href":"https:\/\/www.schachbezirk-mittelbaden.de\/wp\/index.php?rest_route=%2Fwp%2Fv2%2Fmedia&parent=10210"}],"wp:term":[{"taxonomy":"category","embeddable":true,"href":"https:\/\/www.schachbezirk-mittelbaden.de\/wp\/index.php?rest_route=%2Fwp%2Fv2%2Fcategories&post=10210"},{"taxonomy":"post_tag","embeddable":true,"href":"https:\/\/www.schachbezirk-mittelbaden.de\/wp\/index.php?rest_route=%2Fwp%2Fv2%2Ftags&post=10210"}],"curies":[{"name":"wp","href":"https:\/\/api.w.org\/{rel}","templated":true}]}}