{"id":10934,"date":"2014-08-31T17:20:11","date_gmt":"2014-08-31T15:20:11","guid":{"rendered":"http:\/\/www.schachbezirk-mittelbaden.de\/wp\/?p=10934"},"modified":"2014-08-31T17:23:39","modified_gmt":"2014-08-31T15:23:39","slug":"mittelbadische-jugendeinzel-meisterschaften-2014","status":"publish","type":"post","link":"https:\/\/www.schachbezirk-mittelbaden.de\/wp\/?p=10934","title":{"rendered":"Mittelbadische Jugendeinzel-meisterschaften 2014"},"content":{"rendered":"<p>In 3 Wochen ist es schon soweit! Am 20. und 21. September 2014 findet im Haus des Gastes in B\u00c3\u00bchlertal die mittelbadische Jugendeinzelmeisterschaft statt! Einzelheiten k\u00c3\u00b6nnen der <a href=\"http:\/\/www.schachbezirk-mittelbaden.de\/wp\/wp-content\/uploads\/2014\/07\/Ausschreibung-MBJEM-2014.pdf\">beigef\u00c3\u00bcgten Ausschreibung MBJEM 2014<\/a> entnommen werden!<br \/>\nObwohl bereits vor 7 Wochen die Ausschreibung ver\u00c3\u00b6ffentlicht wurde, sind bisher erst wenige Voranmeldungen (15, davon 5  vom Ausrichter) eingetroffen.  Bei der initialen Planung sind wir von ca. 60 bis 80 Teilnehmern ausgegangen.<br \/>\nWir w\u00c3\u00bcrden uns also freuen, wenn wir noch zahlreiche weitere Kinder und Jugendliche incl. Betreuer in 3 Wochen in B\u00c3\u00bchlertal begr\u00c3\u00bc\u00c3\u0178en d\u00c3\u00bcrften!<br \/>\nUm die Turniervorbereitung zu erleichtern, m\u00c3\u00b6chten wir hiermit nochmals um <strong>m\u00c3\u00b6glichst fr\u00c3\u00bchzeitige Voranmeldung<\/strong> bitten, sp\u00c3\u00a4testens jedoch bis 15.09.2014, mit Angabe von Name, Vorname, Geburtsdatum, Verein und evtl. DWZ per Email an <a href=\"mailto:jugend@schachclub-buehlertal.de\">jugend@schachclub-buehlertal.de<\/a>.<br \/>\nR\u00c3\u00bcckfragen k\u00c3\u00b6nnen Sie auch gerne an Thomas Belikan (Email: <a href=\"mailto:thomas.belikan@t-online.de\">thomas.belikan@t-online.de<\/a> oder Tel.: 07252-972936) oder an <a href=\"mailto:info@schachclub-buehlertal.de\">info@schachclub-buehlertal.de<\/a>  richten!<br \/>\nDen aktuellen Stand der Voranmeldungen kann man \u00c3\u00bcbrigens jederzeit auf der <a href=\"http:\/\/www.schachclub-buehlertal.de\">Homepage des SC B\u00c3\u00bchlertal<\/a> unter Meldeliste einsehen!<\/p>\n<p>Thomas Belikan<br \/>\nSC B\u00c3\u00bchlertal, Jugendleiter<\/p>\n<h3>Related Images:<\/h3>","protected":false},"excerpt":{"rendered":"<p>In 3 Wochen ist es schon soweit! Am 20. und 21. September 2014 findet im Haus des Gastes in B\u00c3\u00bchlertal die mittelbadische Jugendeinzelmeisterschaft statt! Einzelheiten k\u00c3\u00b6nnen der beigef\u00c3\u00bcgten Ausschreibung MBJEM 2014 entnommen werden! Obwohl bereits vor 7 Wochen die Ausschreibung ver\u00c3\u00b6ffentlicht wurde, sind bisher erst wenige Voranmeldungen (15, davon 5 vom Ausrichter) eingetroffen. Bei der [&hellip;]<\/p>\n","protected":false},"author":1,"featured_media":10736,"comment_status":"open","ping_status":"open","sticky":false,"template":"","format":"standard","meta":{"ngg_post_thumbnail":0,"footnotes":""},"categories":[14],"tags":[],"class_list":["post-10934","post","type-post","status-publish","format-standard","has-post-thumbnail","hentry","category-jugend"],"aioseo_notices":[],"_links":{"self":[{"href":"https:\/\/www.schachbezirk-mittelbaden.de\/wp\/index.php?rest_route=\/wp\/v2\/posts\/10934","targetHints":{"allow":["GET"]}}],"collection":[{"href":"https:\/\/www.schachbezirk-mittelbaden.de\/wp\/index.php?rest_route=\/wp\/v2\/posts"}],"about":[{"href":"https:\/\/www.schachbezirk-mittelbaden.de\/wp\/index.php?rest_route=\/wp\/v2\/types\/post"}],"author":[{"embeddable":true,"href":"https:\/\/www.schachbezirk-mittelbaden.de\/wp\/index.php?rest_route=\/wp\/v2\/users\/1"}],"replies":[{"embeddable":true,"href":"https:\/\/www.schachbezirk-mittelbaden.de\/wp\/index.php?rest_route=%2Fwp%2Fv2%2Fcomments&post=10934"}],"version-history":[{"count":0,"href":"https:\/\/www.schachbezirk-mittelbaden.de\/wp\/index.php?rest_route=\/wp\/v2\/posts\/10934\/revisions"}],"wp:featuredmedia":[{"embeddable":true,"href":"https:\/\/www.schachbezirk-mittelbaden.de\/wp\/index.php?rest_route=\/wp\/v2\/media\/10736"}],"wp:attachment":[{"href":"https:\/\/www.schachbezirk-mittelbaden.de\/wp\/index.php?rest_route=%2Fwp%2Fv2%2Fmedia&parent=10934"}],"wp:term":[{"taxonomy":"category","embeddable":true,"href":"https:\/\/www.schachbezirk-mittelbaden.de\/wp\/index.php?rest_route=%2Fwp%2Fv2%2Fcategories&post=10934"},{"taxonomy":"post_tag","embeddable":true,"href":"https:\/\/www.schachbezirk-mittelbaden.de\/wp\/index.php?rest_route=%2Fwp%2Fv2%2Ftags&post=10934"}],"curies":[{"name":"wp","href":"https:\/\/api.w.org\/{rel}","templated":true}]}}