{"id":11,"date":"2006-11-21T14:28:57","date_gmt":"2006-11-21T13:28:57","guid":{"rendered":"http:\/\/www.schachbezirk-mittelbaden.de\/wordpress\/?p=11"},"modified":"2006-11-21T14:28:57","modified_gmt":"2006-11-21T13:28:57","slug":"mittelbadische-jugendeinzelmeisterschaften-2006","status":"publish","type":"post","link":"https:\/\/www.schachbezirk-mittelbaden.de\/wp\/?p=11","title":{"rendered":"Mittelbadische Jugendeinzelmeisterschaften 2006"},"content":{"rendered":"<p><img decoding=\"async\" align=\"left\" src=\"http:\/\/www.schachbezirk-mittelbaden.de\/jugend-neu\/2007\/Mibaju_Sieger-kl.jpg\" \/>Wer am vergangenen Wochenende einen Blick in die Gernsbacher Staufenberghalle warf, erlebte keine tobenden, sondern hochkonzentrierte Kinder. An insgesamt drei Tagen richtete der Schachklub Gernsbach die Mittelbadischen Jugendeinzelmeisterschaften im Schach aus.<\/p>\n<p>Mit einer Rekordbeteiligung von 146 Kindern und Jugendlichen war Torsten Meixner, Organisator und 1. Vorsitzender des SK Gernsbach, sichtlich zufrieden. In f\u00c3\u00bcnf Altersklassen zeigten die Nachwuchsspieler der regionalen Vereine ihr K\u00c3\u00b6nnen, wobei insbesondere die Qualit\u00c3\u00a4t der gezeigten Leistungen \u00c3\u00bcberzeugte.<br \/>\n<a id=\"p9\" href=\"http:\/\/sb-mittelbaden.de\/__oneclick_uploads\/2006\/11\/jem-u20.TXT\">DWZ-Auswertung U18\/U20<\/a><a id=\"p3\" href=\"http:\/\/sb-mittelbaden.de\/__oneclick_uploads\/2006\/11\/bericht-mbjem-2006.pdf\"><br \/>\n<\/a><a id=\"p10\" href=\"http:\/\/sb-mittelbaden.de\/__oneclick_uploads\/2006\/11\/jem-u16.TXT\">DWZ-Auswertung U16<\/a><a id=\"p11\" href=\"http:\/\/sb-mittelbaden.de\/__oneclick_uploads\/2006\/11\/jem-u14.TXT\"><br \/>\nDWZ-Auswertung U14<\/a><br \/>\n<!--more--><\/p>\n<p>Sieger der Altersklasse U 20 wurde Michael Malasch vom SK Ottenau, die U18 gewann der H\u00c3\u00b6rdener Manuel Krmpotic. Spannend ging es bei der U 16 zu, in der Benjamin Fischer aus Rastatt bei f\u00c3\u00bcnf Runden nur ein Remis zulie\u00c3\u0178 und so seine starke Kontrahenten knapp distanzierte. In der U 14 waren dann auch M\u00c3\u00a4dchen am Start, so dass hier, wie in den noch folgenden Altersklassen, jeweils zwei Titel vergeben wurden. Mittelbadische Jugendeinzelmeisterin wurde Natalie Weber aus Vimbuch, die m\u00c3\u00a4nnliche Konkurrenz entschied der Durmersheim Timo Hennrich f\u00c3\u00bcr sich. Mit deutlichem Vorsprung sicherte sich<br \/>\nHans-Erich Gubela aus Sasbach den Titel der U12, wobei auch die Vimbucherin Melanie Schmalz diese Altersklasse sicher gewinnen konnte. Mit 37 Teilnehmerinnen und Teilnehmer war die U10 die zahlenm\u00c3\u00a4\u00c3\u0178ig gr\u00c3\u00b6\u00c3\u0178te Gruppe. Siegerin wurde Anna-Luisa Boos vom Schachbundesligisten OSC Baden-Baden, Benedikt Precechtel aus \u00c3\u2013tigheim beherrschte souver\u00c3\u00a4n die m\u00c3\u00a4nnliche Konkurrenz. Als einziger Spieler der gesamten Turniere gelang es<br \/>\nMarco Riehle aus Sasbach alle seine 13 Partien zu gewinnen. Im Gegensatz zu den \u00c3\u201elteren, spielten die unteren Klassen bei weniger Bedenkzeit entsprechend mehr Runden. Bei den M\u00c3\u00a4dchen siegte Olga Weiss vom OSC Baden-Baden.<\/p>\n<p>Zufrieden zeigte sich am Ende auch der Vorsitzende des Schachbezirks Mittelbaden, Nikolaus Sentef, der den Siegern einen Pokal \u00c3\u00bcberreichte Er mache sich keine Sorgen, dass die jeweiligen Gewinner den Schachbezirk mit guten Ergebnissen bei den n\u00c3\u00a4chsth\u00c3\u00b6heren Turnieren auf Badischer Ebene vertreten werden. Zur Freude der Jugendlichen erhielten alle Teilnehmer ein Buchgeschenk mit freundlicher Unterst\u00c3\u00bctzung der hiesigen Sparkasse oder<br \/>\neinen Freikarte des Freizeitzentrums Mehliskopf. Sentef dankte weiterhin in seinem Gru\u00c3\u0178wort dem Schachklub Gernsbach f\u00c3\u00bcr einen reibungslosen Verlauf.<a id=\"p11\" href=\"http:\/\/sb-mittelbaden.de\/__oneclick_uploads\/2006\/11\/jem-u14.TXT\" \/><a id=\"p10\" title=\"DWZ-Auswertung U16\" href=\"http:\/\/sb-mittelbaden.de\/jem-u16.TXT\"><br \/>\n<\/a><\/p>\n<h3>Related Images:<\/h3>","protected":false},"excerpt":{"rendered":"<p>Wer am vergangenen Wochenende einen Blick in die Gernsbacher Staufenberghalle warf, erlebte keine tobenden, sondern hochkonzentrierte Kinder. An insgesamt drei Tagen richtete der Schachklub Gernsbach die Mittelbadischen Jugendeinzelmeisterschaften im Schach aus. Mit einer Rekordbeteiligung von 146 Kindern und Jugendlichen war Torsten Meixner, Organisator und 1. Vorsitzender des SK Gernsbach, sichtlich zufrieden. In f\u00c3\u00bcnf Altersklassen zeigten [&hellip;]<\/p>\n","protected":false},"author":1,"featured_media":0,"comment_status":"open","ping_status":"open","sticky":false,"template":"","format":"standard","meta":{"ngg_post_thumbnail":0,"footnotes":""},"categories":[14],"tags":[],"class_list":["post-11","post","type-post","status-publish","format-standard","hentry","category-jugend"],"aioseo_notices":[],"_links":{"self":[{"href":"https:\/\/www.schachbezirk-mittelbaden.de\/wp\/index.php?rest_route=\/wp\/v2\/posts\/11","targetHints":{"allow":["GET"]}}],"collection":[{"href":"https:\/\/www.schachbezirk-mittelbaden.de\/wp\/index.php?rest_route=\/wp\/v2\/posts"}],"about":[{"href":"https:\/\/www.schachbezirk-mittelbaden.de\/wp\/index.php?rest_route=\/wp\/v2\/types\/post"}],"author":[{"embeddable":true,"href":"https:\/\/www.schachbezirk-mittelbaden.de\/wp\/index.php?rest_route=\/wp\/v2\/users\/1"}],"replies":[{"embeddable":true,"href":"https:\/\/www.schachbezirk-mittelbaden.de\/wp\/index.php?rest_route=%2Fwp%2Fv2%2Fcomments&post=11"}],"version-history":[{"count":0,"href":"https:\/\/www.schachbezirk-mittelbaden.de\/wp\/index.php?rest_route=\/wp\/v2\/posts\/11\/revisions"}],"wp:attachment":[{"href":"https:\/\/www.schachbezirk-mittelbaden.de\/wp\/index.php?rest_route=%2Fwp%2Fv2%2Fmedia&parent=11"}],"wp:term":[{"taxonomy":"category","embeddable":true,"href":"https:\/\/www.schachbezirk-mittelbaden.de\/wp\/index.php?rest_route=%2Fwp%2Fv2%2Fcategories&post=11"},{"taxonomy":"post_tag","embeddable":true,"href":"https:\/\/www.schachbezirk-mittelbaden.de\/wp\/index.php?rest_route=%2Fwp%2Fv2%2Ftags&post=11"}],"curies":[{"name":"wp","href":"https:\/\/api.w.org\/{rel}","templated":true}]}}