{"id":11031,"date":"2014-09-17T14:47:28","date_gmt":"2014-09-17T12:47:28","guid":{"rendered":"http:\/\/www.schachbezirk-mittelbaden.de\/wp\/?p=11031"},"modified":"2014-09-17T15:04:30","modified_gmt":"2014-09-17T13:04:30","slug":"benefizturnier-fuer-franz-mayer","status":"publish","type":"post","link":"https:\/\/www.schachbezirk-mittelbaden.de\/wp\/?p=11031","title":{"rendered":"Benefizturnier f\u00c3\u00bcr Franz Mayer"},"content":{"rendered":"<table align=\"right\" cellspacing=\"6\" width=\"165\">\n<tr>\n<td><a href=\"http:\/\/www.schachbezirk-mittelbaden.de\/wp\/wp-content\/uploads\/2014\/09\/franzmayer.jpg\" rel=\"lightbox[11031]\"><img loading=\"lazy\" decoding=\"async\" src=\"http:\/\/www.schachbezirk-mittelbaden.de\/wp\/wp-content\/uploads\/2014\/09\/franzmayer-165x260.jpg\" alt=\"franzmayer\" width=\"165\" height=\"260\" \/><\/a><\/td>\n<\/tr>\n<tr>\n<td>OSG-Ehrenmitglied Franz Mayer<\/td>\n<\/tr>\n<\/table>\n<p align=\"justify\">Noch rechtzeitig vor Beginn der Verbandsrunde 2014\/2015 wird der Verein seines verstorbenen <strong><strong>Ehrenmitglieds Franz Mayer<\/strong><\/strong>\u00c2\u00a0durch ein <strong><strong>Benefizturnier<\/strong><\/strong> im Modus eines <strong><strong>Schnellschach-Opens<\/strong><\/strong> mit jeweils <strong><strong>2\u00c3\u201415 Minuten Bedenkzeit<\/strong><\/strong> in w\u00c3\u00bcrdiger Form gedenken und zugleich\u00c2\u00a0einen guten Zweck erf\u00c3\u00bcllen.<br \/>\nDie <strong><strong>Erl\u00c3\u00b6se<\/strong><\/strong> sollen ausschlie\u00c3\u0178lich den von den Angeh\u00c3\u00b6rigen bekannt gegebenen medizinischen Einrichtungen unter dem Stichwort \u00e2\u20ac\u0153Franz Mayer\u00e2\u20ac\u009d zuflie\u00c3\u0178en. Das sind f\u00c3\u00bcr die hiesige Region einmal der <strong><strong>\u00e2\u20ac\u0153Freundeskreis Palliativ-Kinder e. V.\u00e2\u20ac\u009d<\/strong><\/strong> (Spk-Konto: 50998855, BLZ 662 500 30) und das mittelbadische <strong><strong>Palliativ-Team \u00e2\u20ac\u0153PaTe\u00e2\u20ac\u009d<\/strong><\/strong> der <strong><strong>AWO<\/strong><\/strong> (VB-Konto: 58285005, BLZ 662 900 00). \u00c3\u0153ber das Internet<a href=\"http:\/\/www.freundeskreis-palliativ-kinder.de\/\"><strong><strong> www.freundeskreis-palliativ-kinder.de<\/strong><\/strong><\/a> und<a href=\"http:\/\/www.pa-te.org\/\"><strong><strong> www.pa-te.org\/ <\/strong><\/strong><\/a>kann man sich \u00c3\u00bcber die vielf\u00c3\u00a4ltigen Aufgaben w\u00c3\u00a4hrend der Begleitung schwerstkranker Kinder eingehender informieren.<br \/>\nVeranstalter ist die <strong><strong>OSG Baden-Baden 1922 e.V.<\/strong><\/strong> Das Turnier beginnt am <strong><strong>Donnerstag<\/strong><\/strong><strong><strong>, den<\/strong> 9. Oktober 2014, <\/strong><strong><strong>um <\/strong>19.30 Uhr<\/strong>, im <strong><strong>Schachzentrum Baden-Baden<\/strong><\/strong>, Lichtentaler Allee 8. Um <strong><strong>Anmeldung bis 19 Uhr<\/strong><\/strong> am Turniertag,\u00c2\u00a0oder \u00e2\u20ac\u201c noch besser \u00e2\u20ac\u201c \u00c3\u00bcber die E-Mail-Adressen <a href=\"mailto:gerhard.ecki26@gmail.com\">gerhard.ecki26@gmail.com<\/a> (Turnierdirektor) bzw. <a href=\"mailto:leonie.muschtaki@t-online.de\">leonie.muschtaki@t-online.de<\/a> (Turnierleiter)<strong><strong> ab\u00c2\u00a0 sofort\u00c2\u00a0<\/strong><\/strong>wird dringend gebeten. Ein Startgeld wird nicht erhoben, freiwillige <strong><strong>Spenden<\/strong><\/strong> f\u00c3\u00bcr diesen wunderbaren Zweck sind jedoch auch vor Ort willkommen. Der sonst stattfindende \u00c3\u00b6ffentliche Spielabend wird auf Wunsch mit eingebunden.\u00c2\u00a0Siegfried Hau\u00c3\u0178mann (OSG-Pressewart)<\/p>\n<h3>Related Images:<\/h3>","protected":false},"excerpt":{"rendered":"<p>OSG-Ehrenmitglied Franz Mayer Noch rechtzeitig vor Beginn der Verbandsrunde 2014\/2015 wird der Verein seines verstorbenen Ehrenmitglieds Franz Mayer\u00c2\u00a0durch ein Benefizturnier im Modus eines Schnellschach-Opens mit jeweils 2\u00c3\u201415 Minuten Bedenkzeit in w\u00c3\u00bcrdiger Form gedenken und zugleich\u00c2\u00a0einen guten Zweck erf\u00c3\u00bcllen. Die Erl\u00c3\u00b6se sollen ausschlie\u00c3\u0178lich den von den Angeh\u00c3\u00b6rigen bekannt gegebenen medizinischen Einrichtungen unter dem Stichwort \u00e2\u20ac\u0153Franz Mayer\u00e2\u20ac\u009d [&hellip;]<\/p>\n","protected":false},"author":1,"featured_media":10962,"comment_status":"open","ping_status":"open","sticky":false,"template":"","format":"standard","meta":{"ngg_post_thumbnail":0,"footnotes":""},"categories":[31],"tags":[],"class_list":["post-11031","post","type-post","status-publish","format-standard","has-post-thumbnail","hentry","category-vereine"],"aioseo_notices":[],"_links":{"self":[{"href":"https:\/\/www.schachbezirk-mittelbaden.de\/wp\/index.php?rest_route=\/wp\/v2\/posts\/11031","targetHints":{"allow":["GET"]}}],"collection":[{"href":"https:\/\/www.schachbezirk-mittelbaden.de\/wp\/index.php?rest_route=\/wp\/v2\/posts"}],"about":[{"href":"https:\/\/www.schachbezirk-mittelbaden.de\/wp\/index.php?rest_route=\/wp\/v2\/types\/post"}],"author":[{"embeddable":true,"href":"https:\/\/www.schachbezirk-mittelbaden.de\/wp\/index.php?rest_route=\/wp\/v2\/users\/1"}],"replies":[{"embeddable":true,"href":"https:\/\/www.schachbezirk-mittelbaden.de\/wp\/index.php?rest_route=%2Fwp%2Fv2%2Fcomments&post=11031"}],"version-history":[{"count":0,"href":"https:\/\/www.schachbezirk-mittelbaden.de\/wp\/index.php?rest_route=\/wp\/v2\/posts\/11031\/revisions"}],"wp:featuredmedia":[{"embeddable":true,"href":"https:\/\/www.schachbezirk-mittelbaden.de\/wp\/index.php?rest_route=\/wp\/v2\/media\/10962"}],"wp:attachment":[{"href":"https:\/\/www.schachbezirk-mittelbaden.de\/wp\/index.php?rest_route=%2Fwp%2Fv2%2Fmedia&parent=11031"}],"wp:term":[{"taxonomy":"category","embeddable":true,"href":"https:\/\/www.schachbezirk-mittelbaden.de\/wp\/index.php?rest_route=%2Fwp%2Fv2%2Fcategories&post=11031"},{"taxonomy":"post_tag","embeddable":true,"href":"https:\/\/www.schachbezirk-mittelbaden.de\/wp\/index.php?rest_route=%2Fwp%2Fv2%2Ftags&post=11031"}],"curies":[{"name":"wp","href":"https:\/\/api.w.org\/{rel}","templated":true}]}}