{"id":11247,"date":"2014-12-13T17:27:49","date_gmt":"2014-12-13T16:27:49","guid":{"rendered":"http:\/\/www.schachbezirk-mittelbaden.de\/wp\/?p=11247"},"modified":"2014-12-13T17:27:49","modified_gmt":"2014-12-13T16:27:50","slug":"goldene-treuenadel-fuer-michael-ihle","status":"publish","type":"post","link":"https:\/\/www.schachbezirk-mittelbaden.de\/wp\/?p=11247","title":{"rendered":"Goldene Treuenadel f\u00c3\u00bcr Michael Ihle!"},"content":{"rendered":"<table align=\"right\" cellspacing=\"6\" width=\"260\">\n<tr>\n<td><a href=\"http:\/\/www.schachbezirk-mittelbaden.de\/wp\/wp-content\/uploads\/2014\/12\/ehrung-ihle.jpg\" rel=\"lightbox[11247]\"><img loading=\"lazy\" decoding=\"async\" src=\"http:\/\/www.schachbezirk-mittelbaden.de\/wp\/wp-content\/uploads\/2014\/12\/ehrung-ihle-260x179.jpg\" alt=\"ehrung-ihle\" width=\"260\" height=\"179\" \/><\/a><\/td>\n<\/tr>\n<tr>\n<td><strong>Goldene Ehrennadel f\u00c3\u00bcr Michael Ihle<\/strong><\/td>\n<\/tr>\n<\/table>\n<p>Im Verlauf der Weihnachtsfeier der Ooser Schachgesellschaft Baden-Baden 1922 e.V. kam es zur \u00c3\u0153berreichung der goldenen Treuenadel des Badischen Schachverbandes mit Urkunde durch den 1. Vorsitzenden Jens Thieleke an das OSG-Mitglied Michael Ihle, welcher auf eine 40-j\u00c3\u00a4hrige Verbandszugeh\u00c3\u00b6rigkeit zur\u00c3\u00bcckblicken kann!<br \/>\nSchachfreund Michael Ihle ist nach wie vor ohne nennenswerte Unterbrechungen in der Bezirksliga aktiv. Durch seine besonnene Art gilt Michael Ihle innerhalb der Mannschaft bei Wettk\u00c3\u00a4mpfen als ruhender Pol. Er engagiert sich au\u00c3\u0178erdem f\u00c3\u00bcr das Schulschach und hat unl\u00c3\u00a4ngst seine berufsbegleitende Teilnahme am Kurs f\u00c3\u00bcr Vereinsmanagement zertifiziert bekommen. Etwas abseits vom eigentlichen Weihnachtstrubel hat er sich zusammen mit OSG-Kassenwart Patrick Bittner ablichten lassen. (siehe Foto) <\/p>\n<h3>Related Images:<\/h3>","protected":false},"excerpt":{"rendered":"<p>Goldene Ehrennadel f\u00c3\u00bcr Michael Ihle Im Verlauf der Weihnachtsfeier der Ooser Schachgesellschaft Baden-Baden 1922 e.V. kam es zur \u00c3\u0153berreichung der goldenen Treuenadel des Badischen Schachverbandes mit Urkunde durch den 1. Vorsitzenden Jens Thieleke an das OSG-Mitglied Michael Ihle, welcher auf eine 40-j\u00c3\u00a4hrige Verbandszugeh\u00c3\u00b6rigkeit zur\u00c3\u00bcckblicken kann! Schachfreund Michael Ihle ist nach wie vor ohne nennenswerte Unterbrechungen [&hellip;]<\/p>\n","protected":false},"author":1,"featured_media":11248,"comment_status":"open","ping_status":"open","sticky":false,"template":"","format":"standard","meta":{"ngg_post_thumbnail":0,"footnotes":""},"categories":[31],"tags":[],"class_list":["post-11247","post","type-post","status-publish","format-standard","has-post-thumbnail","hentry","category-vereine"],"aioseo_notices":[],"_links":{"self":[{"href":"https:\/\/www.schachbezirk-mittelbaden.de\/wp\/index.php?rest_route=\/wp\/v2\/posts\/11247","targetHints":{"allow":["GET"]}}],"collection":[{"href":"https:\/\/www.schachbezirk-mittelbaden.de\/wp\/index.php?rest_route=\/wp\/v2\/posts"}],"about":[{"href":"https:\/\/www.schachbezirk-mittelbaden.de\/wp\/index.php?rest_route=\/wp\/v2\/types\/post"}],"author":[{"embeddable":true,"href":"https:\/\/www.schachbezirk-mittelbaden.de\/wp\/index.php?rest_route=\/wp\/v2\/users\/1"}],"replies":[{"embeddable":true,"href":"https:\/\/www.schachbezirk-mittelbaden.de\/wp\/index.php?rest_route=%2Fwp%2Fv2%2Fcomments&post=11247"}],"version-history":[{"count":0,"href":"https:\/\/www.schachbezirk-mittelbaden.de\/wp\/index.php?rest_route=\/wp\/v2\/posts\/11247\/revisions"}],"wp:featuredmedia":[{"embeddable":true,"href":"https:\/\/www.schachbezirk-mittelbaden.de\/wp\/index.php?rest_route=\/wp\/v2\/media\/11248"}],"wp:attachment":[{"href":"https:\/\/www.schachbezirk-mittelbaden.de\/wp\/index.php?rest_route=%2Fwp%2Fv2%2Fmedia&parent=11247"}],"wp:term":[{"taxonomy":"category","embeddable":true,"href":"https:\/\/www.schachbezirk-mittelbaden.de\/wp\/index.php?rest_route=%2Fwp%2Fv2%2Fcategories&post=11247"},{"taxonomy":"post_tag","embeddable":true,"href":"https:\/\/www.schachbezirk-mittelbaden.de\/wp\/index.php?rest_route=%2Fwp%2Fv2%2Ftags&post=11247"}],"curies":[{"name":"wp","href":"https:\/\/api.w.org\/{rel}","templated":true}]}}