{"id":11578,"date":"2015-06-29T12:46:58","date_gmt":"2015-06-29T10:46:58","guid":{"rendered":"http:\/\/www.schachbezirk-mittelbaden.de\/wp\/?p=11578"},"modified":"2015-06-29T12:49:24","modified_gmt":"2015-06-29T10:49:24","slug":"vorlaeufige-klassenzusammensetzung-20152016","status":"publish","type":"post","link":"https:\/\/www.schachbezirk-mittelbaden.de\/wp\/?p=11578","title":{"rendered":"Vorl\u00c3\u00a4ufige Klassenzusammensetzung 2015\/16"},"content":{"rendered":"<p>Vorbehaltlich etwaiger Verzichte, die noch bis 07.07. erkl\u00c3\u00a4rt werden k\u00c3\u00b6nnen, ergibt sich f\u00c3\u00bcr die Klassen im Bezirk Mittelbaden die Zusammensetzung f\u00c3\u00bcr die Saison 2015\/16 <a href=\"http:\/\/www.schachbezirk-mittelbaden.de\/wp\/wp-content\/uploads\/2015\/06\/Klassenzusammensetzung-Update.pdf\">gem\u00c3\u00a4\u00c3\u0178 der Anlage<\/a>. Danach scheint zurzeit h\u00c3\u00b6chst wahrscheinlich, dass es eine Kreisklasse III in der kommenden Spielzeit nicht geben wird, und die unterste Spielklasse des Bezirks die Kreisklasse II mit (i. d. R.) Sechserteams sein wird. F\u00c3\u00bcr die KK II gilt die verl\u00c3\u00a4ngerte An-\/Abmeldefrist im Bezirk.<br \/>\nBernhard Ast<br \/>\nBTL Miba<\/p>\n<h3>Related Images:<\/h3>","protected":false},"excerpt":{"rendered":"<p>Vorbehaltlich etwaiger Verzichte, die noch bis 07.07. erkl\u00c3\u00a4rt werden k\u00c3\u00b6nnen, ergibt sich f\u00c3\u00bcr die Klassen im Bezirk Mittelbaden die Zusammensetzung f\u00c3\u00bcr die Saison 2015\/16 gem\u00c3\u00a4\u00c3\u0178 der Anlage. Danach scheint zurzeit h\u00c3\u00b6chst wahrscheinlich, dass es eine Kreisklasse III in der kommenden Spielzeit nicht geben wird, und die unterste Spielklasse des Bezirks die Kreisklasse II mit (i. [&hellip;]<\/p>\n","protected":false},"author":1,"featured_media":0,"comment_status":"open","ping_status":"open","sticky":false,"template":"","format":"standard","meta":{"ngg_post_thumbnail":0,"footnotes":""},"categories":[12],"tags":[],"class_list":["post-11578","post","type-post","status-publish","format-standard","hentry","category-btl-info"],"aioseo_notices":[],"_links":{"self":[{"href":"https:\/\/www.schachbezirk-mittelbaden.de\/wp\/index.php?rest_route=\/wp\/v2\/posts\/11578","targetHints":{"allow":["GET"]}}],"collection":[{"href":"https:\/\/www.schachbezirk-mittelbaden.de\/wp\/index.php?rest_route=\/wp\/v2\/posts"}],"about":[{"href":"https:\/\/www.schachbezirk-mittelbaden.de\/wp\/index.php?rest_route=\/wp\/v2\/types\/post"}],"author":[{"embeddable":true,"href":"https:\/\/www.schachbezirk-mittelbaden.de\/wp\/index.php?rest_route=\/wp\/v2\/users\/1"}],"replies":[{"embeddable":true,"href":"https:\/\/www.schachbezirk-mittelbaden.de\/wp\/index.php?rest_route=%2Fwp%2Fv2%2Fcomments&post=11578"}],"version-history":[{"count":0,"href":"https:\/\/www.schachbezirk-mittelbaden.de\/wp\/index.php?rest_route=\/wp\/v2\/posts\/11578\/revisions"}],"wp:attachment":[{"href":"https:\/\/www.schachbezirk-mittelbaden.de\/wp\/index.php?rest_route=%2Fwp%2Fv2%2Fmedia&parent=11578"}],"wp:term":[{"taxonomy":"category","embeddable":true,"href":"https:\/\/www.schachbezirk-mittelbaden.de\/wp\/index.php?rest_route=%2Fwp%2Fv2%2Fcategories&post=11578"},{"taxonomy":"post_tag","embeddable":true,"href":"https:\/\/www.schachbezirk-mittelbaden.de\/wp\/index.php?rest_route=%2Fwp%2Fv2%2Ftags&post=11578"}],"curies":[{"name":"wp","href":"https:\/\/api.w.org\/{rel}","templated":true}]}}