{"id":11802,"date":"2015-10-18T14:59:53","date_gmt":"2015-10-18T12:59:53","guid":{"rendered":"http:\/\/www.schachbezirk-mittelbaden.de\/wp\/?p=11802"},"modified":"2015-10-18T15:01:23","modified_gmt":"2015-10-18T13:01:23","slug":"einzelpokal-201516-auslosung-zwischenrunde","status":"publish","type":"post","link":"https:\/\/www.schachbezirk-mittelbaden.de\/wp\/?p=11802","title":{"rendered":"Einzelpokal: Auslosung Zwischenrunde"},"content":{"rendered":"<div class=\"moz-text-html\" lang=\"x-unicode\">\n<div>Beim\u00c2\u00a02. Teil des diesj\u00c3\u00a4hrigen Einzelpokals in B\u00c3\u00bchlertal ergaben sich die nachstehenden Paarungen und Ergebnisse:<\/div>\n<ul>\n<li>Bruno Reck (SC Weitenung) &#8211; <u>Marco Riehle (SF Sasbach)<\/u> 0:1<\/li>\n<li><u>Carsten Miemietz (SC B\u00c3\u00bchlertal)<\/u> &#8211; John Schott (SC Iffezheim) 1:0<\/li>\n<li><u>Thomas Belikan (SC B\u00c3\u00bchlertal)<\/u> &#8211; Christian Aksu (SC B\u00c3\u00bchlertal) 1:0<\/li>\n<li><u>Raphael Zimmer (SF Sasbach)<\/u> &#8211; Bernhard Ast (SC Iffezheim) 1:0<\/li>\n<li>Karl Vollmer (SC B\u00c3\u00bchlertal) &#8211; <u>Paul Schneider (SC B\u00c3\u00bchlertal)<\/u>\u00c2\u00a00:1<\/li>\n<\/ul>\n<div>\u00c2\u00a0Bei 11 Qualifizierten aus den Erstrunden wurden 3 Begegnungen f\u00c3\u00bcr die Zwischenrunde erforderlich, um anschlie\u00c3\u0178end auf eine Zweierpotenz zu kommen. Diese Zwischenrunde wurde von Schachfreund Helmut Liebmann (SC B\u00c3\u00bchlertal) und dem BTL wie folgt im Anschluss an die letzte Erstrundenpartie in B\u00c3\u00bchlertal gezogen:<\/div>\n<div><\/div>\n<div>Vorgesehener dezentraler Spieltermin:<\/div>\n<div><strong>Freitag, 13. November 2015, 19.30 Uhr beim Spieler mit den schwarzen Steinen<\/strong><\/div>\n<ul>\n<li><strong>Klaus Knopf (SC Weitenung) &#8211; Hans-Peter Wenzel (SF Lichtental)<\/strong><\/li>\n<li><strong>Joachim K\u00c3\u00bchn (SC \u00c3\u2013tigheim) &#8211; Andrej Birg (SK Gernsbach)<\/strong><\/li>\n<li><strong>Kolja K\u00c3\u00bchn (SC \u00c3\u2013tigheim) &#8211; Marco Riehle (SF Sasbach)<\/strong><\/li>\n<\/ul>\n<div><\/div>\n<div>Alle anderen Qualifizierten haben ein Freilos.<\/div>\n<div>Bei Spielverlegungen (Ort und \/ oder Zeit) bitte ich mich davon in Kenntnis zu setzen.\u00c2\u00a0Ebenso bitte ich die Spieler, mir das Ergebnis per Mail oder hilfsweise telefonisch zeitnah nach dem Spiel zu melden.<\/div>\n<div>Bernhard Ast<\/div>\n<\/div>\n<h3>Related Images:<\/h3>","protected":false},"excerpt":{"rendered":"<p>Beim\u00c2\u00a02. Teil des diesj\u00c3\u00a4hrigen Einzelpokals in B\u00c3\u00bchlertal ergaben sich die nachstehenden Paarungen und Ergebnisse: Bruno Reck (SC Weitenung) &#8211; Marco Riehle (SF Sasbach) 0:1 Carsten Miemietz (SC B\u00c3\u00bchlertal) &#8211; John Schott (SC Iffezheim) 1:0 Thomas Belikan (SC B\u00c3\u00bchlertal) &#8211; Christian Aksu (SC B\u00c3\u00bchlertal) 1:0 Raphael Zimmer (SF Sasbach) &#8211; Bernhard Ast (SC Iffezheim) 1:0 Karl [&hellip;]<\/p>\n","protected":false},"author":1,"featured_media":0,"comment_status":"open","ping_status":"open","sticky":false,"template":"","format":"standard","meta":{"ngg_post_thumbnail":0,"footnotes":""},"categories":[15],"tags":[],"class_list":["post-11802","post","type-post","status-publish","format-standard","hentry","category-blitz-pokal"],"aioseo_notices":[],"_links":{"self":[{"href":"https:\/\/www.schachbezirk-mittelbaden.de\/wp\/index.php?rest_route=\/wp\/v2\/posts\/11802","targetHints":{"allow":["GET"]}}],"collection":[{"href":"https:\/\/www.schachbezirk-mittelbaden.de\/wp\/index.php?rest_route=\/wp\/v2\/posts"}],"about":[{"href":"https:\/\/www.schachbezirk-mittelbaden.de\/wp\/index.php?rest_route=\/wp\/v2\/types\/post"}],"author":[{"embeddable":true,"href":"https:\/\/www.schachbezirk-mittelbaden.de\/wp\/index.php?rest_route=\/wp\/v2\/users\/1"}],"replies":[{"embeddable":true,"href":"https:\/\/www.schachbezirk-mittelbaden.de\/wp\/index.php?rest_route=%2Fwp%2Fv2%2Fcomments&post=11802"}],"version-history":[{"count":0,"href":"https:\/\/www.schachbezirk-mittelbaden.de\/wp\/index.php?rest_route=\/wp\/v2\/posts\/11802\/revisions"}],"wp:attachment":[{"href":"https:\/\/www.schachbezirk-mittelbaden.de\/wp\/index.php?rest_route=%2Fwp%2Fv2%2Fmedia&parent=11802"}],"wp:term":[{"taxonomy":"category","embeddable":true,"href":"https:\/\/www.schachbezirk-mittelbaden.de\/wp\/index.php?rest_route=%2Fwp%2Fv2%2Fcategories&post=11802"},{"taxonomy":"post_tag","embeddable":true,"href":"https:\/\/www.schachbezirk-mittelbaden.de\/wp\/index.php?rest_route=%2Fwp%2Fv2%2Ftags&post=11802"}],"curies":[{"name":"wp","href":"https:\/\/api.w.org\/{rel}","templated":true}]}}