{"id":11964,"date":"2016-02-14T23:26:51","date_gmt":"2016-02-14T22:26:51","guid":{"rendered":"http:\/\/www.schachbezirk-mittelbaden.de\/wp\/?p=11964"},"modified":"2016-02-14T23:28:13","modified_gmt":"2016-02-14T22:28:13","slug":"finale-und-spiel-um-platz-3-im-mittelbad-einzelpokal","status":"publish","type":"post","link":"https:\/\/www.schachbezirk-mittelbaden.de\/wp\/?p=11964","title":{"rendered":"Finale und Spiel um Platz 3 im Mittelbad. Einzelpokal"},"content":{"rendered":"<p>Die Farbauslosung f\u00c3\u00bcr das Finale und das Spiel um Platz 3 haben heute Schachfreund Arnd Braun (SC B\u00c3\u00bchlertal) und der BTL vor der Bereichsligabegegnung in B\u00c3\u00bchlertal vorgenommen.<\/p>\n<p><strong>Freitag, 26.02.2016, 19.30 Uhr:<\/strong><br \/>\n<strong>Finale:<\/strong><\/p>\n<ul>\n<li>Raphael Zimmer (SF Sasbach) &#8211; Thomas Belikan (SC B\u00c3\u00bchlertal)<\/li>\n<\/ul>\n<p><strong>Spiel um Platz 3:<\/strong><\/p>\n<ul>\n<li>Andrej Birg (SK Gernsbach) &#8211; Kolja K\u00c3\u00bchn (SC \u00c3\u2013tigheim)<\/li>\n<\/ul>\n<p>Zweitgenannter genie\u00c3\u0178t mit Schwarz Heimrecht, Erstgenannter mit Wei\u00c3\u0178 muss reisen. Gegebenenfalls erforderliche Spielverlegungen bitte ich mir fr\u00c3\u00bchzeitig mitzuteilen. Bei Einigung beider Spieler auf einen anderen Spieltermin werde ich diesem zustimmen, wenn mir ein Spieltermin bis 18.03.2016 benannt wird.<\/p>\n<p>Bernhard Ast<br \/>\nBTL Mittelbaden<\/p>\n<h3>Related Images:<\/h3>","protected":false},"excerpt":{"rendered":"<p>Die Farbauslosung f\u00c3\u00bcr das Finale und das Spiel um Platz 3 haben heute Schachfreund Arnd Braun (SC B\u00c3\u00bchlertal) und der BTL vor der Bereichsligabegegnung in B\u00c3\u00bchlertal vorgenommen. Freitag, 26.02.2016, 19.30 Uhr: Finale: Raphael Zimmer (SF Sasbach) &#8211; Thomas Belikan (SC B\u00c3\u00bchlertal) Spiel um Platz 3: Andrej Birg (SK Gernsbach) &#8211; Kolja K\u00c3\u00bchn (SC \u00c3\u2013tigheim) Zweitgenannter [&hellip;]<\/p>\n","protected":false},"author":1,"featured_media":0,"comment_status":"open","ping_status":"open","sticky":false,"template":"","format":"standard","meta":{"ngg_post_thumbnail":0,"footnotes":""},"categories":[15],"tags":[],"class_list":["post-11964","post","type-post","status-publish","format-standard","hentry","category-blitz-pokal"],"aioseo_notices":[],"_links":{"self":[{"href":"https:\/\/www.schachbezirk-mittelbaden.de\/wp\/index.php?rest_route=\/wp\/v2\/posts\/11964","targetHints":{"allow":["GET"]}}],"collection":[{"href":"https:\/\/www.schachbezirk-mittelbaden.de\/wp\/index.php?rest_route=\/wp\/v2\/posts"}],"about":[{"href":"https:\/\/www.schachbezirk-mittelbaden.de\/wp\/index.php?rest_route=\/wp\/v2\/types\/post"}],"author":[{"embeddable":true,"href":"https:\/\/www.schachbezirk-mittelbaden.de\/wp\/index.php?rest_route=\/wp\/v2\/users\/1"}],"replies":[{"embeddable":true,"href":"https:\/\/www.schachbezirk-mittelbaden.de\/wp\/index.php?rest_route=%2Fwp%2Fv2%2Fcomments&post=11964"}],"version-history":[{"count":0,"href":"https:\/\/www.schachbezirk-mittelbaden.de\/wp\/index.php?rest_route=\/wp\/v2\/posts\/11964\/revisions"}],"wp:attachment":[{"href":"https:\/\/www.schachbezirk-mittelbaden.de\/wp\/index.php?rest_route=%2Fwp%2Fv2%2Fmedia&parent=11964"}],"wp:term":[{"taxonomy":"category","embeddable":true,"href":"https:\/\/www.schachbezirk-mittelbaden.de\/wp\/index.php?rest_route=%2Fwp%2Fv2%2Fcategories&post=11964"},{"taxonomy":"post_tag","embeddable":true,"href":"https:\/\/www.schachbezirk-mittelbaden.de\/wp\/index.php?rest_route=%2Fwp%2Fv2%2Ftags&post=11964"}],"curies":[{"name":"wp","href":"https:\/\/api.w.org\/{rel}","templated":true}]}}