{"id":1308,"date":"2008-12-05T14:51:02","date_gmt":"2008-12-05T14:51:02","guid":{"rendered":"http:\/\/www.schachbezirk-mittelbaden.de\/wordpress\/?p=1308"},"modified":"2008-12-05T14:51:02","modified_gmt":"2008-12-05T14:51:02","slug":"schachgespraech-is-coming-home","status":"publish","type":"post","link":"https:\/\/www.schachbezirk-mittelbaden.de\/wp\/?p=1308","title":{"rendered":"Schachgespr&#228;ch is coming home"},"content":{"rendered":"<p><a href=\"http:\/\/www.schachbezirk-mittelbaden.de\/wordpress\/wp-content\/uploads\/2008\/12\/schachgespraech.jpg\" rel=\"lightbox[1308]\"><img decoding=\"async\" src=\"http:\/\/www.schachbezirk-mittelbaden.de\/wordpress\/wp-content\/uploads\/2008\/12\/schachgespraech.jpg\" alt=\"\" title=\"Logo Das Schachgespr\u00c3\u00a4ch\" align=\"right\" border=\"0\" \/><\/a>Liebe Schachfreunde, nach &#8218;Gastpielen&#8216; in Ettlingen und Karlsruhe kehrt die Veranstaltungsreihe &#8218;Das Schachgespr\u00c3\u00a4ch&#8216; nach Baden-Baden zur\u00c3\u00bcck. Moderator Ferdinand B\u00c3\u00a4uerle greift am kommenden Mittwoch, 10.Dezember, um 20.00 Uhr in der Kurstadt-Location &#8218;Trinkhalle&#8216; die aktuellen Themen &#8218;<a href=\"http:\/\/www.dresden2008.de\/\">Schacholympiade<\/a>&#8218; und &#8218;<a href=\"http:\/\/www.deutschlandcup.org\/index.htm\">Deutschlandcup<\/a>&#8218; auf.<\/p>\n<p>W\u00c3\u00a4hrend der zweist\u00c3\u00bcndigen Talkrunde wird als Stargast der 17j\u00c3\u00a4hrige IM Sebastian Bogner, Nationalspieler Germany 2, seine Eindr\u00c3\u00bccke w\u00c3\u00a4hrend der Schacholympiade in Dresden schildern. Sein Vater Norbert zieht ein Res\u00c3\u00bcmee hinsichtlich Organisation, Vorbereitung, uvm. Au\u00c3\u0178erdem wird ein badischer Schachspieler, der am Deutschlandcup teilnahm,  \u00c3\u00bcber seine Erlebnisse in der Elbmetropole berichten.<\/p>\n<p>Musikalisch umrahmt wird die Veranstaltung durch Lothar Arnold am Klavinova und Vilmos Kubasny an der Geige.<br \/>\n<a href='http:\/\/www.schachbezirk-mittelbaden.de\/wordpress\/wp-content\/uploads\/2008\/12\/schachgesprach101208.pdf'>Olympia-Schachtalk im Dreivierteltakt<\/a><br \/>\n<!--more--> Die beiden exzellenten Musiker werden die Zuschauer mit Walzer- und Tangomelodien aus den 20er Jahren unterhalten.<\/p>\n<p>Wir w\u00c3\u00bcrden uns sehr \u00c3\u00bcber Ihr Kommen freuen und versprechen Ihnen bereits jetzt einen sehr interessanten Abend. Bringen Sie Ihren Lebenspartner mit und genie\u00c3\u0178en Sie zwei sch\u00c3\u00b6ne Stunden in der Vorweihnachtszeit!<\/p>\n<p>Herzliche Gr\u00c3\u00bc\u00c3\u0178e aus Baden-Baden.<\/p>\n<p>Ferdinand B\u00c3\u00a4uerle<br \/>\nModerator &#8218;Das Schachgespr\u00c3\u00a4ch&#8216;<\/p>\n<p>Voranmeldungen unter 07223\/2839317 oder 0175\/1036706 erbeten.<\/p>\n<h3>Related Images:<\/h3>","protected":false},"excerpt":{"rendered":"<p>Liebe Schachfreunde, nach &#8218;Gastpielen&#8216; in Ettlingen und Karlsruhe kehrt die Veranstaltungsreihe &#8218;Das Schachgespr\u00c3\u00a4ch&#8216; nach Baden-Baden zur\u00c3\u00bcck. Moderator Ferdinand B\u00c3\u00a4uerle greift am kommenden Mittwoch, 10.Dezember, um 20.00 Uhr in der Kurstadt-Location &#8218;Trinkhalle&#8216; die aktuellen Themen &#8218;Schacholympiade&#8218; und &#8218;Deutschlandcup&#8218; auf. W\u00c3\u00a4hrend der zweist\u00c3\u00bcndigen Talkrunde wird als Stargast der 17j\u00c3\u00a4hrige IM Sebastian Bogner, Nationalspieler Germany 2, seine Eindr\u00c3\u00bccke [&hellip;]<\/p>\n","protected":false},"author":1,"featured_media":0,"comment_status":"open","ping_status":"open","sticky":false,"template":"","format":"standard","meta":{"ngg_post_thumbnail":0,"footnotes":""},"categories":[7],"tags":[],"class_list":["post-1308","post","type-post","status-publish","format-standard","hentry","category-events"],"aioseo_notices":[],"_links":{"self":[{"href":"https:\/\/www.schachbezirk-mittelbaden.de\/wp\/index.php?rest_route=\/wp\/v2\/posts\/1308","targetHints":{"allow":["GET"]}}],"collection":[{"href":"https:\/\/www.schachbezirk-mittelbaden.de\/wp\/index.php?rest_route=\/wp\/v2\/posts"}],"about":[{"href":"https:\/\/www.schachbezirk-mittelbaden.de\/wp\/index.php?rest_route=\/wp\/v2\/types\/post"}],"author":[{"embeddable":true,"href":"https:\/\/www.schachbezirk-mittelbaden.de\/wp\/index.php?rest_route=\/wp\/v2\/users\/1"}],"replies":[{"embeddable":true,"href":"https:\/\/www.schachbezirk-mittelbaden.de\/wp\/index.php?rest_route=%2Fwp%2Fv2%2Fcomments&post=1308"}],"version-history":[{"count":0,"href":"https:\/\/www.schachbezirk-mittelbaden.de\/wp\/index.php?rest_route=\/wp\/v2\/posts\/1308\/revisions"}],"wp:attachment":[{"href":"https:\/\/www.schachbezirk-mittelbaden.de\/wp\/index.php?rest_route=%2Fwp%2Fv2%2Fmedia&parent=1308"}],"wp:term":[{"taxonomy":"category","embeddable":true,"href":"https:\/\/www.schachbezirk-mittelbaden.de\/wp\/index.php?rest_route=%2Fwp%2Fv2%2Fcategories&post=1308"},{"taxonomy":"post_tag","embeddable":true,"href":"https:\/\/www.schachbezirk-mittelbaden.de\/wp\/index.php?rest_route=%2Fwp%2Fv2%2Ftags&post=1308"}],"curies":[{"name":"wp","href":"https:\/\/api.w.org\/{rel}","templated":true}]}}