{"id":13344,"date":"2018-09-23T19:28:41","date_gmt":"2018-09-23T17:28:41","guid":{"rendered":"http:\/\/www.schachbezirk-mittelbaden.de\/wp\/?p=13344"},"modified":"2018-09-23T19:28:41","modified_gmt":"2018-09-23T17:28:41","slug":"1-runde-bezirks-einzelpokal-201819","status":"publish","type":"post","link":"https:\/\/www.schachbezirk-mittelbaden.de\/wp\/?p=13344","title":{"rendered":"1. Runde Bezirks-Einzelpokal 2018\/19"},"content":{"rendered":"<div class=\"moz-text-html\" lang=\"x-unicode\">\n<div>\n<div>\n<div>Der 1. Teil der Ersten Runde des Mittelbadischen Einzelpokals fand am Freitag, 21.09., in Iffezheim&nbsp;mit 7 Spielern und folgenden 3 Paarungen statt:<\/div>\n<ul>\n<li><b>FM Thilo Ehmann (SF Sasbach) &#8211; <\/b>John Schott (SC Iffezheim) 1:0<\/li>\n<li>Oliver Kertesz (SC Iffezheim)&nbsp;\u00e2\u20ac\u201c <strong>Andreas Manz&nbsp; (SC Ottenh\u00c3\u00b6fen- Seebach)<\/strong> 0:1<\/li>\n<li><strong>Bernhard Ast (SC Iffezheim)<\/strong>&nbsp;\u00e2\u20ac\u201c Sascha M\u00c3\u00bcller (OSG Baden- Baden) 1:0<\/li>\n<li>Freilos <strong>Hans- Peter Wenzel (SC Rastatt)<a href=\"http:\/\/www.schachbezirk-mittelbaden.de\/wp\/wp-content\/uploads\/2018\/09\/Bernhard-beim-Pokal.jpg\" rel=\"lightbox[13344]\"><img loading=\"lazy\" decoding=\"async\" class=\"aligncenter size-medium_large wp-image-13345\" src=\"http:\/\/www.schachbezirk-mittelbaden.de\/wp\/wp-content\/uploads\/2018\/09\/Bernhard-beim-Pokal-580x519.jpg\" alt=\"\" width=\"580\" height=\"519\" srcset=\"https:\/\/www.schachbezirk-mittelbaden.de\/wp\/wp-content\/uploads\/2018\/09\/Bernhard-beim-Pokal-580x519.jpg 580w, https:\/\/www.schachbezirk-mittelbaden.de\/wp\/wp-content\/uploads\/2018\/09\/Bernhard-beim-Pokal-260x233.jpg 260w, https:\/\/www.schachbezirk-mittelbaden.de\/wp\/wp-content\/uploads\/2018\/09\/Bernhard-beim-Pokal.jpg 800w\" sizes=\"auto, (max-width: 580px) 100vw, 580px\" \/><br \/>\n<span style=\"color: #000000;\">&nbsp;&nbsp;&nbsp;&nbsp;&nbsp;&nbsp;&nbsp;&nbsp;&nbsp;&nbsp;&nbsp;&nbsp;&nbsp; Ex-Pokalturnierleiter Bernhard Ast mischt sich unter die aktiven Teilnehmer<\/span><\/a><\/strong><\/li>\n<\/ul>\n<div>Der 2. Teil der&nbsp;Ersten&nbsp;Runde&nbsp;und zugleich die letzte M\u00c3\u00b6glichkeit zur Teilnahme am Mittelbadischen Einzelpokal 2018\/19&nbsp;findet statt am<br \/>\n<strong>Freitag, 28.09., 19.30 Uhr im Spiellokal des SC \u00c3\u2013tigheim (Alte Schule, Kirchstra\u00c3\u0178e 3, 76470 \u00c3\u2013tigheim).<\/strong><\/div>\n<div>\nBitte informieren Sie ggf. interessierte Spieler Ihres Vereins.<\/div>\n<div>&nbsp;<\/div>\n<div>Marcus Wormuth<\/div>\n<div>Pokalturnierleiter des Bezirks Mittelbaden<\/div>\n<\/div>\n<\/div>\n<\/div>\n<h3>Related Images:<\/h3>","protected":false},"excerpt":{"rendered":"<p>Der 1. Teil der Ersten Runde des Mittelbadischen Einzelpokals fand am Freitag, 21.09., in Iffezheim&nbsp;mit 7 Spielern und folgenden 3 Paarungen statt: FM Thilo Ehmann (SF Sasbach) &#8211; John Schott (SC Iffezheim) 1:0 Oliver Kertesz (SC Iffezheim)&nbsp;\u00e2\u20ac\u201c Andreas Manz&nbsp; (SC Ottenh\u00c3\u00b6fen- Seebach) 0:1 Bernhard Ast (SC Iffezheim)&nbsp;\u00e2\u20ac\u201c Sascha M\u00c3\u00bcller (OSG Baden- Baden) 1:0 Freilos Hans- [&hellip;]<\/p>\n","protected":false},"author":1,"featured_media":13345,"comment_status":"open","ping_status":"open","sticky":false,"template":"","format":"standard","meta":{"ngg_post_thumbnail":0,"footnotes":""},"categories":[15],"tags":[],"class_list":["post-13344","post","type-post","status-publish","format-standard","has-post-thumbnail","hentry","category-blitz-pokal"],"aioseo_notices":[],"_links":{"self":[{"href":"https:\/\/www.schachbezirk-mittelbaden.de\/wp\/index.php?rest_route=\/wp\/v2\/posts\/13344","targetHints":{"allow":["GET"]}}],"collection":[{"href":"https:\/\/www.schachbezirk-mittelbaden.de\/wp\/index.php?rest_route=\/wp\/v2\/posts"}],"about":[{"href":"https:\/\/www.schachbezirk-mittelbaden.de\/wp\/index.php?rest_route=\/wp\/v2\/types\/post"}],"author":[{"embeddable":true,"href":"https:\/\/www.schachbezirk-mittelbaden.de\/wp\/index.php?rest_route=\/wp\/v2\/users\/1"}],"replies":[{"embeddable":true,"href":"https:\/\/www.schachbezirk-mittelbaden.de\/wp\/index.php?rest_route=%2Fwp%2Fv2%2Fcomments&post=13344"}],"version-history":[{"count":1,"href":"https:\/\/www.schachbezirk-mittelbaden.de\/wp\/index.php?rest_route=\/wp\/v2\/posts\/13344\/revisions"}],"predecessor-version":[{"id":13346,"href":"https:\/\/www.schachbezirk-mittelbaden.de\/wp\/index.php?rest_route=\/wp\/v2\/posts\/13344\/revisions\/13346"}],"wp:featuredmedia":[{"embeddable":true,"href":"https:\/\/www.schachbezirk-mittelbaden.de\/wp\/index.php?rest_route=\/wp\/v2\/media\/13345"}],"wp:attachment":[{"href":"https:\/\/www.schachbezirk-mittelbaden.de\/wp\/index.php?rest_route=%2Fwp%2Fv2%2Fmedia&parent=13344"}],"wp:term":[{"taxonomy":"category","embeddable":true,"href":"https:\/\/www.schachbezirk-mittelbaden.de\/wp\/index.php?rest_route=%2Fwp%2Fv2%2Fcategories&post=13344"},{"taxonomy":"post_tag","embeddable":true,"href":"https:\/\/www.schachbezirk-mittelbaden.de\/wp\/index.php?rest_route=%2Fwp%2Fv2%2Ftags&post=13344"}],"curies":[{"name":"wp","href":"https:\/\/api.w.org\/{rel}","templated":true}]}}