{"id":13448,"date":"2018-12-05T22:22:30","date_gmt":"2018-12-05T21:22:30","guid":{"rendered":"http:\/\/www.schachbezirk-mittelbaden.de\/wp\/?p=13448"},"modified":"2018-12-05T22:22:30","modified_gmt":"2018-12-05T21:22:30","slug":"reminder-3-helmut-reefschlaeger-gedaechtnisturnier","status":"publish","type":"post","link":"https:\/\/www.schachbezirk-mittelbaden.de\/wp\/?p=13448","title":{"rendered":"Reminder: 3. Helmut Reefschl\u00c3\u00a4ger Ged\u00c3\u00a4chtnisturnier"},"content":{"rendered":"<p>Am 08.11.2018 veranstaltet die OSG Baden-Baden e.V. zu Ehren des 2015 verstorbenen IM Dr. Helmut Reefschl\u00c3\u00a4ger ihr <a href=\"https:\/\/drive.google.com\/file\/d\/14AJEbEyMYdeEL3CUNmojUJGZKrBqKwJc\/view?usp=drive_web\" rel=\"noopener\" target=\"_blank\">3. Schnellschachturnier<\/a> . Ich w\u00c3\u00bcrde mich freuen, Sie alle (wieder) bei uns begr\u00c3\u00bc\u00c3\u0178en zu d\u00c3\u00bcrfen.<\/p>\n<p>Patrick Bittner<br \/>\n1. Vorsitzender OSG Baden-Baden 1922 e.V.<\/p>\n<h3>Related Images:<\/h3>","protected":false},"excerpt":{"rendered":"<p>Am 08.11.2018 veranstaltet die OSG Baden-Baden e.V. zu Ehren des 2015 verstorbenen IM Dr. Helmut Reefschl\u00c3\u00a4ger ihr 3. Schnellschachturnier . Ich w\u00c3\u00bcrde mich freuen, Sie alle (wieder) bei uns begr\u00c3\u00bc\u00c3\u0178en zu d\u00c3\u00bcrfen. Patrick Bittner 1. Vorsitzender OSG Baden-Baden 1922 e.V. Related Images:<\/p>\n","protected":false},"author":1,"featured_media":12286,"comment_status":"open","ping_status":"open","sticky":false,"template":"","format":"standard","meta":{"ngg_post_thumbnail":0,"footnotes":""},"categories":[31],"tags":[],"class_list":["post-13448","post","type-post","status-publish","format-standard","has-post-thumbnail","hentry","category-vereine"],"aioseo_notices":[],"_links":{"self":[{"href":"https:\/\/www.schachbezirk-mittelbaden.de\/wp\/index.php?rest_route=\/wp\/v2\/posts\/13448","targetHints":{"allow":["GET"]}}],"collection":[{"href":"https:\/\/www.schachbezirk-mittelbaden.de\/wp\/index.php?rest_route=\/wp\/v2\/posts"}],"about":[{"href":"https:\/\/www.schachbezirk-mittelbaden.de\/wp\/index.php?rest_route=\/wp\/v2\/types\/post"}],"author":[{"embeddable":true,"href":"https:\/\/www.schachbezirk-mittelbaden.de\/wp\/index.php?rest_route=\/wp\/v2\/users\/1"}],"replies":[{"embeddable":true,"href":"https:\/\/www.schachbezirk-mittelbaden.de\/wp\/index.php?rest_route=%2Fwp%2Fv2%2Fcomments&post=13448"}],"version-history":[{"count":1,"href":"https:\/\/www.schachbezirk-mittelbaden.de\/wp\/index.php?rest_route=\/wp\/v2\/posts\/13448\/revisions"}],"predecessor-version":[{"id":13449,"href":"https:\/\/www.schachbezirk-mittelbaden.de\/wp\/index.php?rest_route=\/wp\/v2\/posts\/13448\/revisions\/13449"}],"wp:featuredmedia":[{"embeddable":true,"href":"https:\/\/www.schachbezirk-mittelbaden.de\/wp\/index.php?rest_route=\/wp\/v2\/media\/12286"}],"wp:attachment":[{"href":"https:\/\/www.schachbezirk-mittelbaden.de\/wp\/index.php?rest_route=%2Fwp%2Fv2%2Fmedia&parent=13448"}],"wp:term":[{"taxonomy":"category","embeddable":true,"href":"https:\/\/www.schachbezirk-mittelbaden.de\/wp\/index.php?rest_route=%2Fwp%2Fv2%2Fcategories&post=13448"},{"taxonomy":"post_tag","embeddable":true,"href":"https:\/\/www.schachbezirk-mittelbaden.de\/wp\/index.php?rest_route=%2Fwp%2Fv2%2Ftags&post=13448"}],"curies":[{"name":"wp","href":"https:\/\/api.w.org\/{rel}","templated":true}]}}