{"id":13680,"date":"2019-06-04T11:20:55","date_gmt":"2019-06-04T09:20:55","guid":{"rendered":"http:\/\/www.schachbezirk-mittelbaden.de\/wp\/?p=13680"},"modified":"2019-06-04T11:22:46","modified_gmt":"2019-06-04T09:22:46","slug":"einladung-zur-bezirksversammlung-2019","status":"publish","type":"post","link":"https:\/\/www.schachbezirk-mittelbaden.de\/wp\/?p=13680","title":{"rendered":"Einladung zur Bezirksversammlung 2019"},"content":{"rendered":"<p>Die Bezirksversammlung 2019 findet am 03.07.2019 im Spiellokal des SC Iffezheim (Grundschule Iffezheim, Hauptstra\u00c3\u0178e 18, 76473 Iffezheim) statt. Antr\u00c3\u00a4ge k\u00c3\u00b6nnen bis zum 24. Juni 2019 an den 1. Vorsitzenden des Schachbezirks Mittelbaden e. V., Nikolaus Sentef, Koloniestra\u00c3\u0178e 8, 76599 Weisenbach, schriftlich oder per E-Mail an <a href=\"mailto:vorsitzender@schachbezirk-Mittelbaden.de\">vorsitzender@schachbezirk-Mittelbaden.de<\/a> eingereicht werden. Die Antr\u00c3\u00a4ge werden auf der Mi-Base ver\u00c3\u00b6ffentlicht.<\/p>\n<p><a href=\"http:\/\/www.schachbezirk-mittelbaden.de\/wp\/wp-content\/uploads\/2019\/06\/Einladung_zur_Bezirksversammlung_2019.pdf\">Einladung_zur_Bezirksversammlung_2019<\/a><\/p>\n<h3>Related Images:<\/h3>","protected":false},"excerpt":{"rendered":"<p>Die Bezirksversammlung 2019 findet am 03.07.2019 im Spiellokal des SC Iffezheim (Grundschule Iffezheim, Hauptstra\u00c3\u0178e 18, 76473 Iffezheim) statt. Antr\u00c3\u00a4ge k\u00c3\u00b6nnen bis zum 24. Juni 2019 an den 1. Vorsitzenden des Schachbezirks Mittelbaden e. V., Nikolaus Sentef, Koloniestra\u00c3\u0178e 8, 76599 Weisenbach, schriftlich oder per E-Mail an vorsitzender@schachbezirk-Mittelbaden.de eingereicht werden. Die Antr\u00c3\u00a4ge werden auf der Mi-Base ver\u00c3\u00b6ffentlicht. [&hellip;]<\/p>\n","protected":false},"author":1,"featured_media":0,"comment_status":"open","ping_status":"open","sticky":false,"template":"","format":"standard","meta":{"ngg_post_thumbnail":0,"footnotes":""},"categories":[31,32],"tags":[],"class_list":["post-13680","post","type-post","status-publish","format-standard","hentry","category-vereine","category-vorstand"],"aioseo_notices":[],"_links":{"self":[{"href":"https:\/\/www.schachbezirk-mittelbaden.de\/wp\/index.php?rest_route=\/wp\/v2\/posts\/13680","targetHints":{"allow":["GET"]}}],"collection":[{"href":"https:\/\/www.schachbezirk-mittelbaden.de\/wp\/index.php?rest_route=\/wp\/v2\/posts"}],"about":[{"href":"https:\/\/www.schachbezirk-mittelbaden.de\/wp\/index.php?rest_route=\/wp\/v2\/types\/post"}],"author":[{"embeddable":true,"href":"https:\/\/www.schachbezirk-mittelbaden.de\/wp\/index.php?rest_route=\/wp\/v2\/users\/1"}],"replies":[{"embeddable":true,"href":"https:\/\/www.schachbezirk-mittelbaden.de\/wp\/index.php?rest_route=%2Fwp%2Fv2%2Fcomments&post=13680"}],"version-history":[{"count":4,"href":"https:\/\/www.schachbezirk-mittelbaden.de\/wp\/index.php?rest_route=\/wp\/v2\/posts\/13680\/revisions"}],"predecessor-version":[{"id":13685,"href":"https:\/\/www.schachbezirk-mittelbaden.de\/wp\/index.php?rest_route=\/wp\/v2\/posts\/13680\/revisions\/13685"}],"wp:attachment":[{"href":"https:\/\/www.schachbezirk-mittelbaden.de\/wp\/index.php?rest_route=%2Fwp%2Fv2%2Fmedia&parent=13680"}],"wp:term":[{"taxonomy":"category","embeddable":true,"href":"https:\/\/www.schachbezirk-mittelbaden.de\/wp\/index.php?rest_route=%2Fwp%2Fv2%2Fcategories&post=13680"},{"taxonomy":"post_tag","embeddable":true,"href":"https:\/\/www.schachbezirk-mittelbaden.de\/wp\/index.php?rest_route=%2Fwp%2Fv2%2Ftags&post=13680"}],"curies":[{"name":"wp","href":"https:\/\/api.w.org\/{rel}","templated":true}]}}