{"id":13731,"date":"2019-08-02T12:44:56","date_gmt":"2019-08-02T10:44:56","guid":{"rendered":"http:\/\/www.schachbezirk-mittelbaden.de\/wp\/?p=13731"},"modified":"2019-08-06T15:38:43","modified_gmt":"2019-08-06T13:38:43","slug":"2-chesstennis-weltmeisterschaft-2019","status":"publish","type":"post","link":"https:\/\/www.schachbezirk-mittelbaden.de\/wp\/?p=13731","title":{"rendered":"Gro\u00c3\u0178meister Sebastien Maz\u00c3\u00a9 holt Weltmeistertitel erneut nach Frankreich"},"content":{"rendered":"<h3>Bester Allrounder gewinnt 2. Schachtennisweltmeisterschaft in Baden-Baden<\/h3>\n<p>Von Gerhard Gorges<br \/>\nBereits im Vorjahr stand er im Finale der Chess-Tennis-World-Championship, der zu den Top Ten der franz\u00c3\u00b6sischen Schachgro\u00c3\u0178meister z\u00c3\u00a4hlende Sebastien Maz\u00c3\u00a9. Musste er sich bei der Premiere der Schachtennis-Weltmeisterschaft noch seinem Landsmann GM Laurent Fressinet geschlagen geben, erwies sich Maz\u00c3\u00a9 bei der Neuauflage des insgesamt neunmaligen (vormals Deutsche bzw. Europameisterschaft) Events an der Oos der Konkurrenz aus 8 L\u00c3\u00a4ndern klar \u00c3\u00bcberlegen.<br \/>\nAuf dem Weg ins Halbfinale des Duathlon von Denksport und sportlicher Fitness mussten jedoch hochkar\u00c3\u00a4tige H\u00c3\u00bcrden \u00c3\u00bcberwunden werden, beherrschten doch die Einzelwettbewerbe das russische Gro\u00c3\u0178meisterpaar Alexandra Kostenjuk (Weltmeisterin 2008\/10) und Pavel Tregubov (in dieser Reihenfolge) im Schach, sowie ein Trio aus Tennisspezialisten Nicolas Moser (\u00c3\u2013sterreich), Sebastian Sch\u00c3\u00b6llhorn (Deutschland) und Ex-Tennisprofi Ricardo Sch\u00c3\u00bctt aus Brasilien. <a href=\"http:\/\/www.schachbezirk-mittelbaden.de\/wp\/wp-content\/uploads\/2019\/08\/maze-schut.jpg\" rel=\"lightbox[13731]\"><img loading=\"lazy\" decoding=\"async\" src=\"http:\/\/www.schachbezirk-mittelbaden.de\/wp\/wp-content\/uploads\/2019\/08\/maze-schut-580x435.jpg\" alt=\"\" width=\"580\" height=\"435\" class=\"aligncenter size-medium_large wp-image-13771\" srcset=\"https:\/\/www.schachbezirk-mittelbaden.de\/wp\/wp-content\/uploads\/2019\/08\/maze-schut-580x435.jpg 580w, https:\/\/www.schachbezirk-mittelbaden.de\/wp\/wp-content\/uploads\/2019\/08\/maze-schut-260x195.jpg 260w, https:\/\/www.schachbezirk-mittelbaden.de\/wp\/wp-content\/uploads\/2019\/08\/maze-schut-160x120.jpg 160w, https:\/\/www.schachbezirk-mittelbaden.de\/wp\/wp-content\/uploads\/2019\/08\/maze-schut.jpg 800w\" sizes=\"auto, (max-width: 580px) 100vw, 580px\" \/><\/a><strong>Die Finalisten: Sebastien Maz\u00c3\u00a9 (FRA) und Ricardo Schut (BRA)<\/strong><\/p>\n<p>Nach Addition der Punkte aus beiden Teildisziplinen war es jedoch Maze, der die Nase vorn hatte mit 10 Z\u00c3\u00a4hlern, gefolgt von Ricardo Sch\u00c3\u00bctt (Sieger 2016), Nicolas Moser (beide ebenfalls 10) und mit einem halben Punkt Abstand der zweimalige Turniersieger Pavel Tregubov.<br \/>\nNunmehr ergaben sich f\u00c3\u00bcr das Halbfinale nach dem Modus 1-4 und 2-3 die Paarungen Maz\u00c3\u00a9 \u00e2\u20ac\u201c Tregubov und Sch\u00c3\u00bctt gegen Moser.<br \/>\nIn engen Matches konnten sich die \u00e2\u20ac\u017eElofavoriten\u00e2\u20ac\u0153 Maze und Sch\u00c3\u00bctt die Finalteilnahme sichern.<br \/>\nUnter den Augen der Zuschauer des Rundum-Restaurants Rosso-Bianco wurden nunmehr abwechselnd 6 Punkte Tennis und 6 Minuten Schach gespielt. Trotz doppelten Losgl\u00c3\u00bccks des Brasilianers mit Tennis zum Matchauftakt und den wei\u00c3\u0178en Steinen mit den Gro\u00c3\u0178figuren auf Sand, waren es 500 Punkte Elovorsprung des Franzosen, der bei R\u00c3\u00bcckstand im Tennis den Match- und Championship-Zug verwandelte.<br \/>\nSeniorenpreise gingen an Gilbert Koelsch (FRA) (\u00c3\u015350) und Wolfgang R\u00c3\u00bctzel, Burgsinn (\u00c3\u015360). Bester Junior U20 wurde Maxime Tregubov aus Paris.<br \/>\nDetaillierte Ergebnisse und Fotos befindet sich unter <a href=\"https:\/\/chesstennis.wordpress.com\/\" rel=\"noopener noreferrer\" target=\"_blank\">https:\/\/chesstennis.wordpress.com\/ <\/a><br \/>\n<a href=\"http:\/\/www.schachbezirk-mittelbaden.de\/19\/gesamtwertung2019.htm\" onclick=\"window.open('', 'popup', 'width=875,height=825,scrollbars=yes, toolbar=no,status=no, resizable=yes,menubar=no,location=no,directories=no,top=10,left=10') \" target=\"popup\" rel=\"noopener noreferrer\">Gesamtwertung 2019<\/a><br \/>\n<a href=\"http:\/\/www.schachturniere.com\/schach\/swiss-iframe.cgi?action=tab_ausgabe&#038;daten_id=16259&#038;table_id=2&#038;session_key=tgra800yqlw&#038;turnier_id=4194&#038;g_id=0\" onclick=\"window.open('', 'popup', 'width=1250,height=825,scrollbars=yes, toolbar=no,status=no, resizable=yes,menubar=no,location=no,directories=no,top=10,left=10') \" target=\"popup\" rel=\"noopener noreferrer\">Tennisergebnisse vom 3.8.2019<\/a> | <a href=\"http:\/\/www.schachturniere.com\/schach\/swiss-iframe.cgi?action=tab_ausgabe&#038;daten_id=16261&#038;table_id=2&#038;session_key=vpcc521pzmc&#038;turnier_id=4200&#038;g_id=0\"\" onclick=\"window.open('', 'popup', 'width=1250,height=825,scrollbars=yes, toolbar=no,status=no, resizable=yes,menubar=no,location=no,directories=no,top=10,left=10') \" target=\"popup\" rel=\"noopener noreferrer\">Schachergebnisse vom 4.8.2019<\/a><br \/>\n<a href=\"https:\/\/photos.app.goo.gl\/k8buKNcQk157QA3H7\" onclick=\"window.open('', 'popup', 'width=1020,height=825,scrollbars=yes, toolbar=no,status=no, resizable=yes,menubar=no,location=no,directories=no,top=10,left=10') \" target=\"popup\" rel=\"noopener noreferrer\">Fotogalerie<\/a><\/p>\n<p><a href=\"http:\/\/www.schachbezirk-mittelbaden.de\/19\/sen-gesamtwertung2019.htm\" onclick=\"window.open('', 'popup', 'width=875,height=825,scrollbars=yes, toolbar=no,status=no, resizable=yes,menubar=no,location=no,directories=no,top=10,left=10') \" target=\"popup\" rel=\"noopener noreferrer\">Gesamtwertung Senioren 2019 &#8211; Endstand<\/a><br \/>\n<a href=\"http:\/\/www.schachturniere.com\/schach\/swiss-iframe.cgi?action=tab_ausgabe&#038;daten_id=16250&#038;table_id=2&#038;session_key=nahq122hoxt&#038;turnier_id=4195&#038;g_id=0\" onclick=\"window.open('', 'popup', 'width=1020,height=825,scrollbars=yes, toolbar=no,status=no, resizable=yes,menubar=no,location=no,directories=no,top=10,left=10') \" target=\"popup\" rel=\"noopener noreferrer\">Tennisergebnisse Senioren vom 2.8.2019<\/a> | <a href=\"http:\/\/www.schachturniere.com\/schach\/swiss-iframe.cgi?action=tab_ausgabe&#038;daten_id=16252&#038;table_id=2&#038;session_key=pvtm312ndsd&#038;turnier_id=4196&#038;g_id=0\" onclick=\"window.open('', 'popup', 'width=1020,height=825,scrollbars=yes, toolbar=no,status=no, resizable=yes,menubar=no,location=no,directories=no,top=10,left=10') \" target=\"popup\" rel=\"noopener noreferrer\">Schachergebnisse Senioren vom 2.8.2019<\/a><br \/>\n<a href=\"https:\/\/photos.app.goo.gl\/ZLoWpu2AftxitkM57\" onclick=\"window.open('', 'popup', 'width=1020,height=825,scrollbars=yes, toolbar=no,status=no, resizable=yes,menubar=no,location=no,directories=no,top=10,left=10') \" target=\"popup\" rel=\"noopener noreferrer\">Fotogalerie Senioren<\/a><a href=\"http:\/\/www.schachbezirk-mittelbaden.de\/wp\/wp-content\/uploads\/2019\/08\/chesstennis-sen2019.jpg\" rel=\"lightbox[13731]\"><img loading=\"lazy\" decoding=\"async\" src=\"http:\/\/www.schachbezirk-mittelbaden.de\/wp\/wp-content\/uploads\/2019\/08\/chesstennis-sen2019-580x435.jpg\" alt=\"\" width=\"580\" height=\"435\" class=\"aligncenter size-medium_large wp-image-13750\" srcset=\"https:\/\/www.schachbezirk-mittelbaden.de\/wp\/wp-content\/uploads\/2019\/08\/chesstennis-sen2019-580x435.jpg 580w, https:\/\/www.schachbezirk-mittelbaden.de\/wp\/wp-content\/uploads\/2019\/08\/chesstennis-sen2019-260x195.jpg 260w, https:\/\/www.schachbezirk-mittelbaden.de\/wp\/wp-content\/uploads\/2019\/08\/chesstennis-sen2019-160x120.jpg 160w, https:\/\/www.schachbezirk-mittelbaden.de\/wp\/wp-content\/uploads\/2019\/08\/chesstennis-sen2019.jpg 800w\" sizes=\"auto, (max-width: 580px) 100vw, 580px\" \/><\/a><\/p>\n<p><a href=\"http:\/\/www.schachbezirk-mittelbaden.de\/18\/gesamtwertung.htm\" onclick=\"window.open('', 'popup', 'width=875,height=825,scrollbars=yes, toolbar=no,status=no, resizable=yes,menubar=no,location=no,directories=no,top=10,left=10') \" target=\"popup\" rel=\"noopener noreferrer\">Gesamtwertung 2018<\/a><br \/>\n<a href=\"http:\/\/www.schachturniere.com\/schach\/swiss-iframe.cgi?action=tab_ausgabe&amp;daten_id=15021&amp;table_id=2&amp;session_key=cffg930jbjz&amp;turnier_id=3787&amp;g_id=0\" onclick=\"window.open('', 'popup', 'width=1020,height=825,scrollbars=yes, toolbar=no,status=no, resizable=yes,menubar=no,location=no,directories=no,top=10,left=10') \" target=\"popup\" rel=\"noopener noreferrer\">Tennisergebnisse vom 4.8.2018<\/a> | <a href=\"http:\/\/www.schachturniere.com\/schach\/swiss-iframe.cgi?action=tab_ausgabe&amp;daten_id=33862&amp;table_id=1&amp;runde=7&amp;session_key=sgck500vcvn&amp;turnier_id=3788&amp;g_id=0\" onclick=\"window.open('', 'popup', 'width=1020,height=825,scrollbars=yes, toolbar=no,status=no, resizable=yes,menubar=no,location=no,directories=no,top=10,left=10') \" target=\"popup\" rel=\"noopener noreferrer\">Schachergebnisse vom 5.8.2018<\/a><br \/>\n<a href=\"https:\/\/photos.app.goo.gl\/iJ2kbGyL1JyVDVMK7\" onclick=\"window.open('', 'popup', 'width=1020,height=825,scrollbars=yes, toolbar=no,status=no, resizable=yes,menubar=no,location=no,directories=no,top=10,left=10') \" target=\"popup\" rel=\"noopener noreferrer\">Fotogalerie<\/a> | <a href=\"http:\/\/www.schachbezirk-mittelbaden.de\/Partien\/Neu\/Finale2018.htm\" onclick=\"window.open('', 'popup', 'width=1020,height=825,scrollbars=yes, toolbar=no,status=no, resizable=yes,menubar=no,location=no,directories=no,top=10,left=10') \" target=\"popup\" rel=\"noopener noreferrer\">Finalpartie Fressinet &#8211; Maz\u00c3\u00a9<\/a><\/p>\n<h3>Related Images:<\/h3>","protected":false},"excerpt":{"rendered":"<p>Bester Allrounder gewinnt 2. Schachtennisweltmeisterschaft in Baden-Baden Von Gerhard Gorges Bereits im Vorjahr stand er im Finale der Chess-Tennis-World-Championship, der zu den Top Ten der franz\u00c3\u00b6sischen Schachgro\u00c3\u0178meister z\u00c3\u00a4hlende Sebastien Maz\u00c3\u00a9. Musste er sich bei der Premiere der Schachtennis-Weltmeisterschaft noch seinem Landsmann GM Laurent Fressinet geschlagen geben, erwies sich Maz\u00c3\u00a9 bei der Neuauflage des insgesamt neunmaligen [&hellip;]<\/p>\n","protected":false},"author":1,"featured_media":13750,"comment_status":"open","ping_status":"open","sticky":false,"template":"","format":"standard","meta":{"ngg_post_thumbnail":0,"footnotes":""},"categories":[7],"tags":[],"class_list":["post-13731","post","type-post","status-publish","format-standard","has-post-thumbnail","hentry","category-events"],"aioseo_notices":[],"_links":{"self":[{"href":"https:\/\/www.schachbezirk-mittelbaden.de\/wp\/index.php?rest_route=\/wp\/v2\/posts\/13731","targetHints":{"allow":["GET"]}}],"collection":[{"href":"https:\/\/www.schachbezirk-mittelbaden.de\/wp\/index.php?rest_route=\/wp\/v2\/posts"}],"about":[{"href":"https:\/\/www.schachbezirk-mittelbaden.de\/wp\/index.php?rest_route=\/wp\/v2\/types\/post"}],"author":[{"embeddable":true,"href":"https:\/\/www.schachbezirk-mittelbaden.de\/wp\/index.php?rest_route=\/wp\/v2\/users\/1"}],"replies":[{"embeddable":true,"href":"https:\/\/www.schachbezirk-mittelbaden.de\/wp\/index.php?rest_route=%2Fwp%2Fv2%2Fcomments&post=13731"}],"version-history":[{"count":35,"href":"https:\/\/www.schachbezirk-mittelbaden.de\/wp\/index.php?rest_route=\/wp\/v2\/posts\/13731\/revisions"}],"predecessor-version":[{"id":13777,"href":"https:\/\/www.schachbezirk-mittelbaden.de\/wp\/index.php?rest_route=\/wp\/v2\/posts\/13731\/revisions\/13777"}],"wp:featuredmedia":[{"embeddable":true,"href":"https:\/\/www.schachbezirk-mittelbaden.de\/wp\/index.php?rest_route=\/wp\/v2\/media\/13750"}],"wp:attachment":[{"href":"https:\/\/www.schachbezirk-mittelbaden.de\/wp\/index.php?rest_route=%2Fwp%2Fv2%2Fmedia&parent=13731"}],"wp:term":[{"taxonomy":"category","embeddable":true,"href":"https:\/\/www.schachbezirk-mittelbaden.de\/wp\/index.php?rest_route=%2Fwp%2Fv2%2Fcategories&post=13731"},{"taxonomy":"post_tag","embeddable":true,"href":"https:\/\/www.schachbezirk-mittelbaden.de\/wp\/index.php?rest_route=%2Fwp%2Fv2%2Ftags&post=13731"}],"curies":[{"name":"wp","href":"https:\/\/api.w.org\/{rel}","templated":true}]}}