{"id":2620,"date":"2007-01-30T16:13:41","date_gmt":"2007-01-30T16:13:41","guid":{"rendered":"http:\/\/www.schachbezirk-mittelbaden.de\/wordpress\/?p=32"},"modified":"2007-01-30T16:13:41","modified_gmt":"2007-01-30T16:13:41","slug":"schach-und-mozart","status":"publish","type":"post","link":"https:\/\/www.schachbezirk-mittelbaden.de\/wp\/?p=2620","title":{"rendered":"Schach und Mozart"},"content":{"rendered":"<p><a href=\"http:\/\/www.schachgespraech.de\/\"><img src='http:\/\/www.schachbezirk-mittelbaden.de\/wordpress\/wp-content\/uploads\/2007\/01\/lothar-arnold.jpg' alt='lothar-arnold.jpg' align=\"left\" title=\"IM Lothar Arnold\" border=\"0\" \/><\/a><strong>Premiere des \u00e2\u20ac\u02dcSchachgespr\u00c3\u00a4chs\u00e2\u20ac\u2122 am Mi. 31.Januar in der \u00e2\u20ac\u02dcTrinkhalle\u00e2\u20ac\u2122 in Baden-Baden<\/strong><\/p>\n<p>Neue Wege das k\u00c3\u00b6nigliche Spiel und seine zahlreichen Facetten einer breiten \u00c3\u2013ffentlichkeit n\u00c3\u00a4herzubringen, gehen der in Baden-Baden lebende freie Journalist Ferdinand B\u00c3\u00a4uerle sowie seine befreundeten Schachkollegen Dr. Mostafa Muschtaki und Gerhard Gorges. Vor zwei Monaten wurde von ihnen die Idee einer zweist\u00c3\u00bcndigen Talkrunde rund ums Thema Schach geboren, deren Premiere heute, 31.Januar um 20.00 Uhr in der Baden-Badener Location \u00e2\u20ac\u02dcIn der Trinkhalle\u00e2\u20ac\u2122 nahe dem Casino stattfindet. <\/p>\n<p>Ferdinand B\u00c3\u00a4uerle, der die Moderation \u00c3\u00bcbernimmt, ist es gelungen, sich namhafte G\u00c3\u00a4ste einzuladen. Sein erster Gespr\u00c3\u00a4chspartner wird Manfred Herbold sein, der in der Schachwelt besser als \u00e2\u20ac\u02dcDer Schachtherapeut\u00e2\u20ac\u2122 bekannt ist. (Ferdinand B\u00c3\u00a4uerle)<!--more--> Der 1966 in Heidelberg geborene heutige Realschullehrer wird Tipps geben wie man u.a. eine \u00e2\u20ac\u02dcunn\u00c3\u00b6tig\u00e2\u20ac\u2122 verlorene Partie verarbeiten kann und dabei auch den Zusammenhang zwischen Schach und Psychologie erl\u00c3\u00a4utern.<\/p>\n<p>Bevor Moderator Ferdinand B\u00c3\u00a4uerle dann seinen Stargast, den erst 16j\u00c3\u00a4hrigen Internationalen Meister Sebastian Bogner und dessen Vater begr\u00c3\u00bc\u00c3\u0178en wird, erwartet die Zuh\u00c3\u00b6rer ein musikalisches, ca. 20 min\u00c3\u00bc- tiges, Highlight. Der begnadete Pianist Lothar Arnold sowie der virtuose ungarische Geiger Vilmos Kubacsny werden u.a. St\u00c3\u00bccke von Amadeus Mozart und Jules Massenet spielen und dabei dem Publikum beweisen, da\u00c3\u0178 Schach und Musik eine gelungene Symbiose bilden k\u00c3\u00b6nnen. Lothar Arnold ist ehemaliger Deutscher Jugendmeister, tr\u00c3\u00a4gt den Titel Internationaler Meister und hat auf vielen hochkar\u00c3\u00a4tigen Turnieren im In- und Ausland sein K\u00c3\u00b6nnen unter Beweis gestellt. Vilmos Kubacsny z\u00c3\u00a4hlt mit seinen 61 Jahren zu den besten Senioren des Badischen Schachverbandes.<\/p>\n<p>Mit seinen erst 16 Jahren hat Sebastian Bogner bereits eine sehr beachtenswerte Karriere hingelegt. Dem f\u00c3\u00bcr den Oberligisten Neuhausen spielenden 16j\u00c3\u00a4hrigen trauen Experten eine gro\u00c3\u0178e Schachkarriere zu. Trotz j\u00c3\u00bcngsten Erfolgen und vielversprechenden Prognosen bleiben Vater und Sohn auf dem Teppich, wovon sich das Publikum heute abend ab 20.00 Uhr in der \u00e2\u20ac\u02dcTrinkhalle\u00e2\u20ac\u2122 in Baden-Baden selbst ein Bild machen kann. Der Eintritt zu dieser neuen Veranstaltungsreihe ist frei.<br \/>\nFerdinand B\u00c3\u00a4uerle<br \/>\n<a href=\"http:\/\/www.schachgespraech.de\/\">www.schachgespraech.de<\/a><\/p>\n<h3>Related Images:<\/h3>","protected":false},"excerpt":{"rendered":"<p>Premiere des \u00e2\u20ac\u02dcSchachgespr\u00c3\u00a4chs\u00e2\u20ac\u2122 am Mi. 31.Januar in der \u00e2\u20ac\u02dcTrinkhalle\u00e2\u20ac\u2122 in Baden-Baden Neue Wege das k\u00c3\u00b6nigliche Spiel und seine zahlreichen Facetten einer breiten \u00c3\u2013ffentlichkeit n\u00c3\u00a4herzubringen, gehen der in Baden-Baden lebende freie Journalist Ferdinand B\u00c3\u00a4uerle sowie seine befreundeten Schachkollegen Dr. Mostafa Muschtaki und Gerhard Gorges. Vor zwei Monaten wurde von ihnen die Idee einer zweist\u00c3\u00bcndigen Talkrunde rund [&hellip;]<\/p>\n","protected":false},"author":1,"featured_media":0,"comment_status":"open","ping_status":"open","sticky":false,"template":"","format":"standard","meta":{"ngg_post_thumbnail":0,"footnotes":""},"categories":[7],"tags":[],"class_list":["post-2620","post","type-post","status-publish","format-standard","hentry","category-events"],"aioseo_notices":[],"_links":{"self":[{"href":"https:\/\/www.schachbezirk-mittelbaden.de\/wp\/index.php?rest_route=\/wp\/v2\/posts\/2620","targetHints":{"allow":["GET"]}}],"collection":[{"href":"https:\/\/www.schachbezirk-mittelbaden.de\/wp\/index.php?rest_route=\/wp\/v2\/posts"}],"about":[{"href":"https:\/\/www.schachbezirk-mittelbaden.de\/wp\/index.php?rest_route=\/wp\/v2\/types\/post"}],"author":[{"embeddable":true,"href":"https:\/\/www.schachbezirk-mittelbaden.de\/wp\/index.php?rest_route=\/wp\/v2\/users\/1"}],"replies":[{"embeddable":true,"href":"https:\/\/www.schachbezirk-mittelbaden.de\/wp\/index.php?rest_route=%2Fwp%2Fv2%2Fcomments&post=2620"}],"version-history":[{"count":0,"href":"https:\/\/www.schachbezirk-mittelbaden.de\/wp\/index.php?rest_route=\/wp\/v2\/posts\/2620\/revisions"}],"wp:attachment":[{"href":"https:\/\/www.schachbezirk-mittelbaden.de\/wp\/index.php?rest_route=%2Fwp%2Fv2%2Fmedia&parent=2620"}],"wp:term":[{"taxonomy":"category","embeddable":true,"href":"https:\/\/www.schachbezirk-mittelbaden.de\/wp\/index.php?rest_route=%2Fwp%2Fv2%2Fcategories&post=2620"},{"taxonomy":"post_tag","embeddable":true,"href":"https:\/\/www.schachbezirk-mittelbaden.de\/wp\/index.php?rest_route=%2Fwp%2Fv2%2Ftags&post=2620"}],"curies":[{"name":"wp","href":"https:\/\/api.w.org\/{rel}","templated":true}]}}