{"id":2625,"date":"2007-02-23T17:37:47","date_gmt":"2007-02-23T17:37:47","guid":{"rendered":"http:\/\/www.schachbezirk-mittelbaden.de\/wordpress\/?p=59"},"modified":"2007-02-23T17:37:47","modified_gmt":"2007-02-23T17:37:47","slug":"talentstuetzpunkt-baden-baden","status":"publish","type":"post","link":"https:\/\/www.schachbezirk-mittelbaden.de\/wp\/?p=2625","title":{"rendered":"Talentst&#252;tzpunkt Baden-Baden"},"content":{"rendered":"<p>Die <a href=\"http:\/\/www.schachbezirk-mittelbaden.de\/wordpress\/?p=30\">Ank\u00c3\u00bcndigung eines neuen Talentst\u00c3\u00bctzpunktes<\/a> in unserer Region stie\u00c3\u0178 auf viel Zuspruch. Es gab viele Anfragen \u00c3\u00bcber Ablauf und Aktivit\u00c3\u00a4ten des Talentst\u00c3\u00bctzpunktes. Nun wollen wir in absehbarer Zeit mit der F\u00c3\u00b6rderung unserer Talente beginnen. Es gibt noch die M\u00c3\u00b6glichkeit, weitere Kinder <a href=\"mailto:nikolaussentef@web.de\">anzumelden<\/a>. Anmeldeschluss ist der 04.03.07 Danach wird der Kader gebildet und es werden die Termine f\u00c3\u00bcr das Training festgelegt.  (Nikolaus Sentef)<\/p>\n<h3>Related Images:<\/h3>","protected":false},"excerpt":{"rendered":"<p>Die Ank\u00c3\u00bcndigung eines neuen Talentst\u00c3\u00bctzpunktes in unserer Region stie\u00c3\u0178 auf viel Zuspruch. Es gab viele Anfragen \u00c3\u00bcber Ablauf und Aktivit\u00c3\u00a4ten des Talentst\u00c3\u00bctzpunktes. Nun wollen wir in absehbarer Zeit mit der F\u00c3\u00b6rderung unserer Talente beginnen. Es gibt noch die M\u00c3\u00b6glichkeit, weitere Kinder anzumelden. Anmeldeschluss ist der 04.03.07 Danach wird der Kader gebildet und es werden die [&hellip;]<\/p>\n","protected":false},"author":1,"featured_media":0,"comment_status":"open","ping_status":"open","sticky":false,"template":"","format":"standard","meta":{"ngg_post_thumbnail":0,"footnotes":""},"categories":[14],"tags":[],"class_list":["post-2625","post","type-post","status-publish","format-standard","hentry","category-jugend"],"aioseo_notices":[],"_links":{"self":[{"href":"https:\/\/www.schachbezirk-mittelbaden.de\/wp\/index.php?rest_route=\/wp\/v2\/posts\/2625","targetHints":{"allow":["GET"]}}],"collection":[{"href":"https:\/\/www.schachbezirk-mittelbaden.de\/wp\/index.php?rest_route=\/wp\/v2\/posts"}],"about":[{"href":"https:\/\/www.schachbezirk-mittelbaden.de\/wp\/index.php?rest_route=\/wp\/v2\/types\/post"}],"author":[{"embeddable":true,"href":"https:\/\/www.schachbezirk-mittelbaden.de\/wp\/index.php?rest_route=\/wp\/v2\/users\/1"}],"replies":[{"embeddable":true,"href":"https:\/\/www.schachbezirk-mittelbaden.de\/wp\/index.php?rest_route=%2Fwp%2Fv2%2Fcomments&post=2625"}],"version-history":[{"count":0,"href":"https:\/\/www.schachbezirk-mittelbaden.de\/wp\/index.php?rest_route=\/wp\/v2\/posts\/2625\/revisions"}],"wp:attachment":[{"href":"https:\/\/www.schachbezirk-mittelbaden.de\/wp\/index.php?rest_route=%2Fwp%2Fv2%2Fmedia&parent=2625"}],"wp:term":[{"taxonomy":"category","embeddable":true,"href":"https:\/\/www.schachbezirk-mittelbaden.de\/wp\/index.php?rest_route=%2Fwp%2Fv2%2Fcategories&post=2625"},{"taxonomy":"post_tag","embeddable":true,"href":"https:\/\/www.schachbezirk-mittelbaden.de\/wp\/index.php?rest_route=%2Fwp%2Fv2%2Ftags&post=2625"}],"curies":[{"name":"wp","href":"https:\/\/api.w.org\/{rel}","templated":true}]}}