{"id":3673,"date":"2010-04-30T14:27:05","date_gmt":"2010-04-30T12:27:05","guid":{"rendered":"http:\/\/www.schachbezirk-mittelbaden.de\/wp\/?p=3673"},"modified":"2010-05-01T02:08:40","modified_gmt":"2010-05-01T00:08:40","slug":"100-jahre-badischer-schachverband-ein-kommentar","status":"publish","type":"post","link":"https:\/\/www.schachbezirk-mittelbaden.de\/wp\/?p=3673","title":{"rendered":"100 Jahre Badischer Schachverband: ein Kommentar"},"content":{"rendered":"<p>Stell Dir vor ein Schachverband feiert 100-j\u00c3\u00a4hriges Jubil\u00c3\u00a4um und keiner kriegts mit. Stell Dir vor es ist Bodensee-Cup, ein traditionsreicher Vergleich von Spitzenteams der Schachverb\u00c3\u00a4nde Baden, Bayern, Schweiz und W\u00c3\u00bcrttemberg und keiner wei\u00c3\u0178 Bescheid. So k\u00c3\u00b6nnte man im \u00c3\u00bcbertragenen Sinne die \u00c3\u2013ffentlichkeitkeitsarbeit des Badischen Schachverbandes und des Ausrichters, dem Schachbund W\u00c3\u00bcrttemberg, kritisieren, und dies sicher zurecht. Hier sitzen sich j\u00c3\u00a4hrlich Anfang Mai Gro\u00c3\u0178meister, Internationale Meister und Fide-Meister an insgesamt 24 Brettern gegen\u00c3\u00bcber, spielen sehenswerte Partien, die viele Schachfreunde interessieren w\u00c3\u00bcrden. &#8211; Ja, es waren noch Zeiten, als im Jahre 2007 im badischen Stei\u00c3\u0178lingen Partien im Internet aktuell verfolgt werden konnten und die User \u00c3\u00bcber einen Live-Ticker informiert wurden. (Ferdinand B\u00c3\u00a4uerle)<br \/>\n<!--more--><br \/>\nden der Ex-BSV-Teamcaptain Ferdinand B\u00c3\u00a4uerle und Gerhard Gorges ins Leben riefen und den w\u00c3\u00a4hrend den drei Spieltagen \u00c3\u00bcber 14.000 Schachfreunde weltweit verfolgten. <\/p>\n<p>Erneut findet leider der Bodensee-Cup wie in den letzten zwei Jahren quasi im Hinterzimmer statt. Man hat es bislang nicht mal f\u00c3\u00bcr n\u00c3\u00b6tig befunden auf der Homepage des BSV einen Terminhinweis zu plazieren, ganz zu schweigen von einem Vorbericht mit der Mannschaftsaufstellung. F\u00c3\u00bcr mich ist dies auch ein Affront gegen\u00c3\u00bcber den Spielern, die neben dem Erhalt von geringen Fahrtkosten auch noch den Aufpreis f\u00c3\u00bcr ein gew\u00c3\u00bcnschtes Einzelzimmer aus eigener Tasche und zudem Speisen und Getr\u00c3\u00a4nke selbst bezahlen m\u00c3\u00bcssen.<\/p>\n<p>Gerne redet man in Funktionskreisen, wie wichtig es sei, neue Mitglieder zu gewinnen. W\u00c3\u00a4hrend die Schachbundesliga mittlerweile eine sehr gute \u00c3\u2013ffentlichkeitsarbeit pflegt, d\u00c3\u00bcpeln einzelne Landesverb\u00c3\u00a4nde hinterher.  Schade, sehr schade. Neuen Paragraphen, Satzungs\u00c3\u00a4nderungen und vieles mehr scheint man den Vorzug zu geben. Nicht nur, da\u00c3\u0178 man dadurch keine neuen Mitglieder in der Bev\u00c3\u00b6lkerung gewinnt, sondern auch jene Freunde des k\u00c3\u00b6niglichen Spiels mi\u00c3\u0178achtet, die teilweise jahrzehnte lang ihrem Schachverein treu blieben. <\/p>\n<p>Ein Verband hat meines Erachtens auch die Verpflichtung sich in der \u00c3\u2013ffentlichkeitsarbeit zu engagieren, um das eh nicht gerade positive Image von Schachspielern zu korrigieren. Mit der Berichterstattung \u00c3\u00bcber den Bodensee-Cup, Spielerportraits und auch der damit verbundenen Kameradschaftspflege zu Schachfreunden der benachbarten Verb\u00c3\u00a4nde w\u00c3\u00a4re man sicherlich auf einem guten Weg gewesen. <\/p>\n<p>Vielleicht regen ja diese Zeilen an, im kommenden Jahr diesen Event wieder besser zu \u00e2\u20ac\u02dcvermarkten\u00e2\u20ac\u2122. Dann wird der Bodensee-Cup auf \u00e2\u20ac\u02dcbadischem Boden\u00e2\u20ac\u2122 stattfinden. <\/p>\n<p>Ferdinand B\u00c3\u00a4uerle<br \/>\nEx-BSV-Teamcaptain<br \/>\nBaden-Baden, 29. April 2010   <\/p>\n<h3>Related Images:<\/h3>","protected":false},"excerpt":{"rendered":"<p>Stell Dir vor ein Schachverband feiert 100-j\u00c3\u00a4hriges Jubil\u00c3\u00a4um und keiner kriegts mit. Stell Dir vor es ist Bodensee-Cup, ein traditionsreicher Vergleich von Spitzenteams der Schachverb\u00c3\u00a4nde Baden, Bayern, Schweiz und W\u00c3\u00bcrttemberg und keiner wei\u00c3\u0178 Bescheid. So k\u00c3\u00b6nnte man im \u00c3\u00bcbertragenen Sinne die \u00c3\u2013ffentlichkeitkeitsarbeit des Badischen Schachverbandes und des Ausrichters, dem Schachbund W\u00c3\u00bcrttemberg, kritisieren, und dies sicher [&hellip;]<\/p>\n","protected":false},"author":1,"featured_media":0,"comment_status":"open","ping_status":"open","sticky":false,"template":"","format":"standard","meta":{"ngg_post_thumbnail":0,"footnotes":""},"categories":[20],"tags":[],"class_list":["post-3673","post","type-post","status-publish","format-standard","hentry","category-schachverband"],"aioseo_notices":[],"_links":{"self":[{"href":"https:\/\/www.schachbezirk-mittelbaden.de\/wp\/index.php?rest_route=\/wp\/v2\/posts\/3673","targetHints":{"allow":["GET"]}}],"collection":[{"href":"https:\/\/www.schachbezirk-mittelbaden.de\/wp\/index.php?rest_route=\/wp\/v2\/posts"}],"about":[{"href":"https:\/\/www.schachbezirk-mittelbaden.de\/wp\/index.php?rest_route=\/wp\/v2\/types\/post"}],"author":[{"embeddable":true,"href":"https:\/\/www.schachbezirk-mittelbaden.de\/wp\/index.php?rest_route=\/wp\/v2\/users\/1"}],"replies":[{"embeddable":true,"href":"https:\/\/www.schachbezirk-mittelbaden.de\/wp\/index.php?rest_route=%2Fwp%2Fv2%2Fcomments&post=3673"}],"version-history":[{"count":0,"href":"https:\/\/www.schachbezirk-mittelbaden.de\/wp\/index.php?rest_route=\/wp\/v2\/posts\/3673\/revisions"}],"wp:attachment":[{"href":"https:\/\/www.schachbezirk-mittelbaden.de\/wp\/index.php?rest_route=%2Fwp%2Fv2%2Fmedia&parent=3673"}],"wp:term":[{"taxonomy":"category","embeddable":true,"href":"https:\/\/www.schachbezirk-mittelbaden.de\/wp\/index.php?rest_route=%2Fwp%2Fv2%2Fcategories&post=3673"},{"taxonomy":"post_tag","embeddable":true,"href":"https:\/\/www.schachbezirk-mittelbaden.de\/wp\/index.php?rest_route=%2Fwp%2Fv2%2Ftags&post=3673"}],"curies":[{"name":"wp","href":"https:\/\/api.w.org\/{rel}","templated":true}]}}