{"id":3692,"date":"2010-05-08T13:59:50","date_gmt":"2010-05-08T11:59:50","guid":{"rendered":"http:\/\/www.schachbezirk-mittelbaden.de\/wp\/?p=3692"},"modified":"2010-05-08T14:14:50","modified_gmt":"2010-05-08T12:14:50","slug":"memories-of-heidelberg","status":"publish","type":"post","link":"https:\/\/www.schachbezirk-mittelbaden.de\/wp\/?p=3692","title":{"rendered":"Memories of Heidelberg&#8230;"},"content":{"rendered":"<table align=\"left\">\n<tr>\n<td><object width=\"300\" height=\"200\"><param name=\"movie\" value=\"http:\/\/www.youtube.com\/v\/tswk0bdUWaM&#038;hl=de_DE&#038;fs=1&#038;\" \/><param name=\"allowFullScreen\" value=\"true\" \/><param name=\"allowscriptaccess\" value=\"always\" \/><embed src=\"http:\/\/www.youtube.com\/v\/tswk0bdUWaM&#038;hl=de_DE&#038;fs=1&#038;\" type=\"application\/x-shockwave-flash\" allowscriptaccess=\"always\" allowfullscreen=\"true\" width=\"300\" height=\"200\"><\/embed><\/object><\/td>\n<\/tr>\n<\/table>\n<p>&#8230;sind Memories vom (Schach-)gl\u00c3\u00bcck. \ud83d\udca1  Ein Novum im <a href=\"http:\/\/www.badischer-schachverband.de\/\">Badischen Schachverband<\/a> war es nicht ganz, aber die erste <a href=\"http:\/\/www.zentrale-endrunde.de\">Zentrale Endrunde<\/a> seit 1994, als die Schachregion Mittelbaden\/Ortenau in der Wolf-Eberstein-Halle in Muggensturm das Saisonfinale der Landesliga und Bereichsklasse zentral ausrichtete. Rekordverd\u00c3\u00a4chtig ist die Veranstaltung des <a href=\"http:\/\/www.sb-heidelberg.de\/\">Schachbezirk Heidelberg<\/a> im &#8218;Harres&#8216; zu St. Leon-Rot allemal. 49 Mannschaften und mehr als 300 Spieler sa\u00c3\u0178en seinerzeit in Mittelbaden nicht am Brett um Punkte und die k\u00c3\u00bcnftige Klassenzugeh\u00c3\u00b6rigkeit. Von guten Ideen kann sich allerdings nicht nur der Schachbezirk Mittelbaden &#8211; der hiesige &#8211; noch eine Scheibe abschneiden. (Gerhard Gorges, Webmaster)<\/p>\n<h3>Related Images:<\/h3>","protected":false},"excerpt":{"rendered":"<p>&#8230;sind Memories vom (Schach-)gl\u00c3\u00bcck. \ud83d\udca1 Ein Novum im Badischen Schachverband war es nicht ganz, aber die erste Zentrale Endrunde seit 1994, als die Schachregion Mittelbaden\/Ortenau in der Wolf-Eberstein-Halle in Muggensturm das Saisonfinale der Landesliga und Bereichsklasse zentral ausrichtete. Rekordverd\u00c3\u00a4chtig ist die Veranstaltung des Schachbezirk Heidelberg im &#8218;Harres&#8216; zu St. Leon-Rot allemal. 49 Mannschaften und mehr [&hellip;]<\/p>\n","protected":false},"author":1,"featured_media":0,"comment_status":"open","ping_status":"open","sticky":false,"template":"","format":"standard","meta":{"ngg_post_thumbnail":0,"footnotes":""},"categories":[20,11],"tags":[],"class_list":["post-3692","post","type-post","status-publish","format-standard","hentry","category-schachverband","category-verbandsrunde"],"aioseo_notices":[],"_links":{"self":[{"href":"https:\/\/www.schachbezirk-mittelbaden.de\/wp\/index.php?rest_route=\/wp\/v2\/posts\/3692","targetHints":{"allow":["GET"]}}],"collection":[{"href":"https:\/\/www.schachbezirk-mittelbaden.de\/wp\/index.php?rest_route=\/wp\/v2\/posts"}],"about":[{"href":"https:\/\/www.schachbezirk-mittelbaden.de\/wp\/index.php?rest_route=\/wp\/v2\/types\/post"}],"author":[{"embeddable":true,"href":"https:\/\/www.schachbezirk-mittelbaden.de\/wp\/index.php?rest_route=\/wp\/v2\/users\/1"}],"replies":[{"embeddable":true,"href":"https:\/\/www.schachbezirk-mittelbaden.de\/wp\/index.php?rest_route=%2Fwp%2Fv2%2Fcomments&post=3692"}],"version-history":[{"count":0,"href":"https:\/\/www.schachbezirk-mittelbaden.de\/wp\/index.php?rest_route=\/wp\/v2\/posts\/3692\/revisions"}],"wp:attachment":[{"href":"https:\/\/www.schachbezirk-mittelbaden.de\/wp\/index.php?rest_route=%2Fwp%2Fv2%2Fmedia&parent=3692"}],"wp:term":[{"taxonomy":"category","embeddable":true,"href":"https:\/\/www.schachbezirk-mittelbaden.de\/wp\/index.php?rest_route=%2Fwp%2Fv2%2Fcategories&post=3692"},{"taxonomy":"post_tag","embeddable":true,"href":"https:\/\/www.schachbezirk-mittelbaden.de\/wp\/index.php?rest_route=%2Fwp%2Fv2%2Ftags&post=3692"}],"curies":[{"name":"wp","href":"https:\/\/api.w.org\/{rel}","templated":true}]}}