{"id":587,"date":"2008-02-28T16:34:12","date_gmt":"2008-02-28T16:34:12","guid":{"rendered":"http:\/\/www.schachbezirk-mittelbaden.de\/wordpress\/?p=587"},"modified":"2008-02-28T16:34:12","modified_gmt":"2008-02-28T16:34:12","slug":"baden-bereitet-sich-auf-bodensee-cup-vor","status":"publish","type":"post","link":"https:\/\/www.schachbezirk-mittelbaden.de\/wp\/?p=587","title":{"rendered":"Baden bereitet sich auf Bodensee-Cup vor"},"content":{"rendered":"<p><img decoding=\"async\" src=\"http:\/\/www.live.bsv-schach.de\/live\/teamchef-portr.JPG\" alt=\"BSV-Teamc\u00c3\u00a4pt'n Ferdinand B\u00c3\u00a4uerle\" title=\"BSV-Teamc\u00c3\u00a4pt'n Ferdinand B\u00c3\u00a4uerle\" align=\"left\" border=\"0\" \/>Sich am Schw\u00c3\u00a4bischen Meer nicht das Wasser abgraben zu lassen, dies ist die Pr\u00c3\u00a4misse von BSV-Teamcaptain Ferdinand B\u00c3\u00a4uerle. Vom 25. &#8211; 27.April 2008 tritt er mit seiner Mannschaft gegen Bayern, W\u00c3\u00bcrttemberg und der Schweiz beim traditionellen Bodensee-Cup in Wasserburg an. Nach dem entt\u00c3\u00a4uschenden 3.Platz in Stei\u00c3\u0178lingen vergangenen Jahres, sind nun Fighterqualit\u00c3\u00a4ten gefragt. Dabei setzt B\u00c3\u00a4uerle insbesondere auf talentierte Jugendliche, die auf dem Sprung zum GM bzw. IM sind, sprich auf Sebastian Bogner, Raoul Strohh\u00c3\u00a4ker und Andreas Heimann.<!--more--> Mit von der Partie werden auch \u00e2\u20ac\u02dcAltgediente\u00e2\u20ac\u2122 (im positiven Sinne) sein, unter anderem die IMs Lothar Arnold und Ulrich Schulze sowie die FMs Christian Maier, Bernd Schneider und Hajo Vatter. Mehr m\u00c3\u00b6chte der BSV-Teamcaptain im Vorfeld noch nicht preisgeben, um den Kontrahenten die Vorbereitung zu erschweren.<\/p>\n<p>\u00e2\u20ac\u017eDie Spieler freuen sich schon auf das Wiedersehen mit ihren Kollegen aus den drei anderen Landesverb\u00c3\u00a4nden und sind hei\u00c3\u0178 Revanche zu nehmen\u00e2\u20ac\u0153, so Ferdinand B\u00c3\u00a4uerle gegen\u00c3\u00bcber der BADEN-ROCHADE, der sich in K\u00c3\u00bcrze vor Ort begeben will, um ein sch\u00c3\u00b6nes Quartier ausfindig zu machen und auch die M\u00c3\u00b6glichkeit einer Live-\u00c3\u0153bertragung pr\u00c3\u00bcfen will. Fest ist er davon \u00c3\u00bcberzeugt, da\u00c3\u0178 die 13.Auflage des Bodensee-Cups den Badener wohlgesonnen ist. \u00e2\u20ac\u017eDie \u00e2\u20ac\u02dc13\u00e2\u20ac\u2122 bringt Gl\u00c3\u00bcck\u00e2\u20ac\u0153, so der in Baden-Baden mit seinem weltber\u00c3\u00bchmten Casino beheimatete freie Journalist. Mehr unter <a href=\"http:\/\/www.live.bsv-schach.de\">www.live.bsv-schach.de<\/a>. (Ferdinand B\u00c3\u00a4uerle, BSV-Teamk\u00c3\u00a4pt\u00e2\u20ac\u2122n)<\/p>\n<h3>Related Images:<\/h3>","protected":false},"excerpt":{"rendered":"<p>Sich am Schw\u00c3\u00a4bischen Meer nicht das Wasser abgraben zu lassen, dies ist die Pr\u00c3\u00a4misse von BSV-Teamcaptain Ferdinand B\u00c3\u00a4uerle. Vom 25. &#8211; 27.April 2008 tritt er mit seiner Mannschaft gegen Bayern, W\u00c3\u00bcrttemberg und der Schweiz beim traditionellen Bodensee-Cup in Wasserburg an. Nach dem entt\u00c3\u00a4uschenden 3.Platz in Stei\u00c3\u0178lingen vergangenen Jahres, sind nun Fighterqualit\u00c3\u00a4ten gefragt. Dabei setzt B\u00c3\u00a4uerle [&hellip;]<\/p>\n","protected":false},"author":1,"featured_media":0,"comment_status":"open","ping_status":"open","sticky":false,"template":"","format":"standard","meta":{"ngg_post_thumbnail":0,"footnotes":""},"categories":[25],"tags":[],"class_list":["post-587","post","type-post","status-publish","format-standard","hentry","category-laenderkampf"],"aioseo_notices":[],"_links":{"self":[{"href":"https:\/\/www.schachbezirk-mittelbaden.de\/wp\/index.php?rest_route=\/wp\/v2\/posts\/587","targetHints":{"allow":["GET"]}}],"collection":[{"href":"https:\/\/www.schachbezirk-mittelbaden.de\/wp\/index.php?rest_route=\/wp\/v2\/posts"}],"about":[{"href":"https:\/\/www.schachbezirk-mittelbaden.de\/wp\/index.php?rest_route=\/wp\/v2\/types\/post"}],"author":[{"embeddable":true,"href":"https:\/\/www.schachbezirk-mittelbaden.de\/wp\/index.php?rest_route=\/wp\/v2\/users\/1"}],"replies":[{"embeddable":true,"href":"https:\/\/www.schachbezirk-mittelbaden.de\/wp\/index.php?rest_route=%2Fwp%2Fv2%2Fcomments&post=587"}],"version-history":[{"count":0,"href":"https:\/\/www.schachbezirk-mittelbaden.de\/wp\/index.php?rest_route=\/wp\/v2\/posts\/587\/revisions"}],"wp:attachment":[{"href":"https:\/\/www.schachbezirk-mittelbaden.de\/wp\/index.php?rest_route=%2Fwp%2Fv2%2Fmedia&parent=587"}],"wp:term":[{"taxonomy":"category","embeddable":true,"href":"https:\/\/www.schachbezirk-mittelbaden.de\/wp\/index.php?rest_route=%2Fwp%2Fv2%2Fcategories&post=587"},{"taxonomy":"post_tag","embeddable":true,"href":"https:\/\/www.schachbezirk-mittelbaden.de\/wp\/index.php?rest_route=%2Fwp%2Fv2%2Ftags&post=587"}],"curies":[{"name":"wp","href":"https:\/\/api.w.org\/{rel}","templated":true}]}}