{"id":6268,"date":"2011-10-25T14:35:08","date_gmt":"2011-10-25T12:35:08","guid":{"rendered":"http:\/\/www.schachbezirk-mittelbaden.de\/wp\/?p=6268"},"modified":"2011-10-25T19:57:47","modified_gmt":"2011-10-25T17:57:47","slug":"jugendeinzelmeisterschaft-2011-in-ooser-festhalle","status":"publish","type":"post","link":"https:\/\/www.schachbezirk-mittelbaden.de\/wp\/?p=6268","title":{"rendered":"Jugendeinzelmeisterschaft 2011 in Ooser Festhalle"},"content":{"rendered":"<table align=\"right\" width=\"260\">\n<tr>\n<td><a href=\"https:\/\/picasaweb.google.com\/lh\/photo\/NC-0qsWyjWmCnyul6n_aJg?feat=embedwebsite\"><img decoding=\"async\" src=\"https:\/\/lh5.googleusercontent.com\/-RGKDQOGZmk0\/TqXL3x-soVI\/AAAAAAAALms\/qkFwgIvO_aQ\/s260\/BILD5278.JPG\" \/><\/a><\/td>\n<\/tr>\n<tr>\n<td style=\"font-family:arial,sans-serif; font-size:11px; text-align:right\">Aus <a href=\"https:\/\/picasaweb.google.com\/Schachbezirk.Mittelbaden\/MittelbadischeJugendeinzelmeisterschaft2011?authuser=0&#038;feat=embedwebsite\">Mittelbadische Jugendeinzelmeisterschaft 2011<\/a><\/td>\n<\/tr>\n<\/table>\n<p>Bei der diesj\u00c3\u00a4hrigen Jugendeinzelmeisterschaft, die in diesem Jahr durch den Bezirksprimus <a href=\"http:\/\/www.zugzwang.de\/\">OSG Baden-Baden<\/a> ausgerichtet wurden, fanden sich zum sportlichen Wettstreit auf den 64 Schachfeldern genausoviele Teilnehmer, n\u00c3\u00a4mlich 64 ein, um in ihren jeweiligen Altersklassen die Sieger zu ermitteln. Aufgrund der nicht ganz zahlenm\u00c3\u00a4\u00c3\u0178ig befriedigenden Teilnehmerzahl, &#8211; die OSG h\u00c3\u00a4tte auch weit mehr als die angestrebten 100 Jugendlichen bei unver\u00c3\u00a4ndert hervorragenden Bedingungen in der Ooser Festhalle untergebracht, wurden die Alterskategorien U16, U18 und U20 in einer Gruppe ausgetragen, gleiches galt auch f\u00c3\u00bcr die U8 und U10. Anschlie\u00c3\u0178end wurden diese zur Bestimmung der Altersgruppenmeister nat\u00c3\u00bcrlich wieder getrennt.<br \/>\n<strong>Tabellen\/Ergebnisse:<\/strong> <a target=\"popup\" onclick=\"window.open('', 'popup', 'width=735,height=625,scrollbars=no, toolbar=no,status=no, resizable=yes,menubar=no,location=no,directories=no,top=10,left=10') \" href=\"http:\/\/www.schachbezirk-mittelbaden.de\/jugend-neu\/2012\/u18-u20-e.htm\">U20\/U18\/U16<\/a> <strong>|<\/strong> <a target=\"popup\" onclick=\"window.open('', 'popup', 'width=735,height=625,scrollbars=no, toolbar=no,status=no, resizable=yes,menubar=no,location=no,directories=no,top=10,left=10') \" href=\"http:\/\/www.schachbezirk-mittelbaden.de\/jugend-neu\/2012\/u14-e.htm\">U14<\/a> <strong>|<\/strong> <a target=\"popup\" onclick=\"window.open('', 'popup', 'width=735,height=625,scrollbars=no, toolbar=no,status=no, resizable=yes,menubar=no,location=no,directories=no,top=10,left=10') \" href=\"http:\/\/www.schachbezirk-mittelbaden.de\/jugend-neu\/2012\/u12-e.htm\">U12<\/a> <strong>|<\/strong> <a target=\"popup\" onclick=\"window.open('', 'popup', 'width=735,height=625,scrollbars=no, toolbar=no,status=no, resizable=yes,menubar=no,location=no,directories=no,top=10,left=10') \" href=\"http:\/\/www.schachbezirk-mittelbaden.de\/jugend-neu\/2012\/u10-u8-e.htm\">U10\/U8<\/a><br \/>\n<strong>DWZ-Auswertung:<\/strong> <a target=\"popup\" onclick=\"window.open('', 'popup', 'width=980,height=410,scrollbars=no, toolbar=no,status=no, resizable=yes,menubar=no,location=no,directories=no,top=10,left=10') \" href=\"http:\/\/www.schachbezirk-mittelbaden.de\/jugend-neu\/2012\/U20-U16.TXT\">U20\/U18\/U16<\/a> <strong>|<\/strong> <a target=\"popup\" onclick=\"window.open('', 'popup', 'width=980,height=410,scrollbars=no, toolbar=no,status=no, resizable=yes,menubar=no,location=no,directories=no,top=10,left=10') \" href=\"http:\/\/www.schachbezirk-mittelbaden.de\/jugend-neu\/2012\/U14.TXT\">U14<\/a><br \/>\n<!--more--><br \/>\n<strong>Die diesj\u00c3\u00a4hrigen Preistr\u00c3\u00a4ger waren:<\/strong><br \/>\n<strong>U 20:<\/strong> 1. Ricardo Stiefel (SV Vimbuch), 2. Stefan Schneider (SC B\u00c3\u00bchlertal)<br \/>\n<strong>U 18:<\/strong> 1. Timo Hennrich (SC Rastatt), 2. Alexander Engelhard (SC Rastatt)<br \/>\n<strong>U 16:<\/strong> 1. Kolja K\u00c3\u00bchn (SK \u00c3\u2013tigheim), 2. Jonathan Clancy (SC Iffezheim), 3. Yury Serebrennikov (OSG Baden-Baden)<br \/>\n<strong>U 14:<\/strong> 1. Felix Bossert (OSG Baden-Baden), 2. Fabian Eckert (SC Durmersheim), 3. Sebastian Kirchh\u00c3\u00b6fer (SF H\u00c3\u00b6rden)<br \/>\n<strong>U 14 weibl.:<\/strong> 1. Johanna Clancy (SC Iffezheim), 2. Julia Henkel (SC B\u00c3\u00bchlertal)<br \/>\n<strong>U 12:<\/strong> 1. Benjamin Schuster (OSG Baden-Baden), 2. Jonas Vincent Jurga (OSG Baden-Baden), 3. Robert Elms (SC Iffezheim)<br \/>\n<strong>U 12 weibl.:<\/strong> 1. Nina Knopf (OSG Baden-Baden), 2. Milena Seeburger (SC Durmersheim), 3. Kim Lucy Fischer (SF H\u00c3\u00b6rden)<br \/>\n<strong>U 10:<\/strong> 1. Daniel Altach (SC B\u00c3\u00bchlertal), Tristan Lorenz (Rastatt), Matej Matic (H\u00c3\u00b6rden)<br \/>\n<strong>U 10 weibl.:<\/strong> 1. Johanna Ehmann (SF Sasbach), 2. Chelsea Fesselier (OSG Baden-Baden), 3. Mariam Abboud (SK Gernsbach)<br \/>\n<strong>U 8:<\/strong> 1. Moritz Bossert (OSG Baden-Baden), 2. Wayne Fischer (H\u00c3\u00b6rden), 3. Terence Mack (H\u00c3\u00b6rden)<\/p>\n<p>F\u00c3\u00bcr alle o. g. Preistr\u00c3\u00a4ger hatte der OSG-Verantwortliche Bernd Emmelmann Pokale zur Siegerehrung parat. Au\u00c3\u0178erdem erhielt jeder Turnierteilnehmer eine Urkunde sowie eine Medaille und dar\u00c3\u00bcber hinaus auch noch ein Pr\u00c3\u00a4sent. Der 2. Bezirksvorsitzende Erich Renschler konnte daher dem gesamten OSG-Team um Emmelmann eine tadellose und excellente Ausrichtung bescheinigen und w\u00c3\u00bcrdigte das vorbildliche Engagement auch der vor Ort befindlichen Jugendbetreuer der einzelnen Schachvereine. F\u00c3\u00bcr diejenigen, die sich nicht als Altersgruppenmeister f\u00c3\u00bcr die Badische Ebene qualifiziert haben, kann versucht werden \u00c3\u00bcber entsprechenden Freiplatzantrag beim Badischen Schachverband doch noch Spielrecht auf Badischer Ebene zu erhalten. Entsprechend sollte der Bezirksvorsitzende und kommissarische Jugendeinzelbeauftragte Nikolaus Sentef fr\u00c3\u00bchzeitig hier\u00c3\u00bcber in Kenntnis gesetzt werden. (NSR Bernhard Ast)<\/p>\n<h3>Related Images:<\/h3>","protected":false},"excerpt":{"rendered":"<p>Aus Mittelbadische Jugendeinzelmeisterschaft 2011 Bei der diesj\u00c3\u00a4hrigen Jugendeinzelmeisterschaft, die in diesem Jahr durch den Bezirksprimus OSG Baden-Baden ausgerichtet wurden, fanden sich zum sportlichen Wettstreit auf den 64 Schachfeldern genausoviele Teilnehmer, n\u00c3\u00a4mlich 64 ein, um in ihren jeweiligen Altersklassen die Sieger zu ermitteln. Aufgrund der nicht ganz zahlenm\u00c3\u00a4\u00c3\u0178ig befriedigenden Teilnehmerzahl, &#8211; die OSG h\u00c3\u00a4tte auch weit [&hellip;]<\/p>\n","protected":false},"author":1,"featured_media":0,"comment_status":"open","ping_status":"open","sticky":false,"template":"","format":"standard","meta":{"ngg_post_thumbnail":0,"footnotes":""},"categories":[14],"tags":[],"class_list":["post-6268","post","type-post","status-publish","format-standard","hentry","category-jugend"],"aioseo_notices":[],"_links":{"self":[{"href":"https:\/\/www.schachbezirk-mittelbaden.de\/wp\/index.php?rest_route=\/wp\/v2\/posts\/6268","targetHints":{"allow":["GET"]}}],"collection":[{"href":"https:\/\/www.schachbezirk-mittelbaden.de\/wp\/index.php?rest_route=\/wp\/v2\/posts"}],"about":[{"href":"https:\/\/www.schachbezirk-mittelbaden.de\/wp\/index.php?rest_route=\/wp\/v2\/types\/post"}],"author":[{"embeddable":true,"href":"https:\/\/www.schachbezirk-mittelbaden.de\/wp\/index.php?rest_route=\/wp\/v2\/users\/1"}],"replies":[{"embeddable":true,"href":"https:\/\/www.schachbezirk-mittelbaden.de\/wp\/index.php?rest_route=%2Fwp%2Fv2%2Fcomments&post=6268"}],"version-history":[{"count":0,"href":"https:\/\/www.schachbezirk-mittelbaden.de\/wp\/index.php?rest_route=\/wp\/v2\/posts\/6268\/revisions"}],"wp:attachment":[{"href":"https:\/\/www.schachbezirk-mittelbaden.de\/wp\/index.php?rest_route=%2Fwp%2Fv2%2Fmedia&parent=6268"}],"wp:term":[{"taxonomy":"category","embeddable":true,"href":"https:\/\/www.schachbezirk-mittelbaden.de\/wp\/index.php?rest_route=%2Fwp%2Fv2%2Fcategories&post=6268"},{"taxonomy":"post_tag","embeddable":true,"href":"https:\/\/www.schachbezirk-mittelbaden.de\/wp\/index.php?rest_route=%2Fwp%2Fv2%2Ftags&post=6268"}],"curies":[{"name":"wp","href":"https:\/\/api.w.org\/{rel}","templated":true}]}}