{"id":7018,"date":"2012-04-24T21:51:09","date_gmt":"2012-04-24T19:51:09","guid":{"rendered":"http:\/\/www.schachbezirk-mittelbaden.de\/wp\/?p=7018"},"modified":"2012-04-24T22:05:03","modified_gmt":"2012-04-24T20:05:03","slug":"badische-blitz-einzelmeisterschaft-2012-in-lichtental-2","status":"publish","type":"post","link":"https:\/\/www.schachbezirk-mittelbaden.de\/wp\/?p=7018","title":{"rendered":"Badische Blitz-Einzelmeisterschaft 2012 in Lichtental"},"content":{"rendered":"<table align=\"right\">\n<tr>\n<td><a href=\"http:\/\/www.schachbezirk-mittelbaden.de\/wp\/wp-content\/uploads\/2012\/04\/IlikeSchach.jpg\" rel=\"lightbox[7018]\"><img decoding=\"async\" src=\"http:\/\/www.schachbezirk-mittelbaden.de\/wp\/wp-content\/uploads\/2012\/04\/IlikeSchach-260x203.jpg\" alt=\"\" title=\"I like Schach\" \/><\/a><\/td>\n<\/tr>\n<\/table>\n<p>Hochklassiger Schachsport wird am Sonntag, dem 24. Juni, ab 10.00 Uhr im &#8218;Musiksaal&#8216; des &#8218;Alten Rathaus&#8216; in Baden-Baden Lichtental geboten. Mit der Empfehlung Top-Bezirksblitzmeisterschaften im Einzel- und Mannschaftswettbewerb am 3. Oktober 2011 ausgerichtet zu haben, erhielten die <a href=\"http:\/\/schachfreundelichtental.blogspot.com\">Schachfreunde Lichtental<\/a> vom <a href=\"http:\/\/www.badischer-schachverband.de\/\">Badischen Schachverband<\/a> den Zuschlag, nun die Blitz-Cracks aus ganz Baden in der Kurstadt zur <a href=\"http:\/\/blitz.walther-info.de\/pubbe12.htm\">Badischen Blitz-Einzelmeisterschaft 2012<\/a> willkommen hei\u00c3\u0178en zu k\u00c3\u00b6nnen. Die Creme de la creme in der Disziplin 5-Minuten-Blitz wird sich ein Stelldichein geben, darunter IMs und FMs, der DWZ-Durchschnitt d\u00c3\u00bcrfte bei 2025 liegen. &#8222;Wir freuen uns auf diesen Event&#8220;, betont Ferdinand B\u00c3\u00a4uerle, der 2. Vorsitzende der SFL. F\u00c3\u00bcr ihn gibt es als ehemaliger BSV-Teamcaptain ein Wiedersehen mit zahlreichen Spielern seines Kaders der Jahre 2005-2007, darunter so namhafte Spieler wie IM Andreas Heimann, IM Christian Maier, IM Ulrich Schulze, FM Hajo Vatter und FM Bernd Schneider. (Ferdinand B\u00c3\u00a4uerle, SF Lichtental)<\/p>\n<h3>Related Images:<\/h3>","protected":false},"excerpt":{"rendered":"<p>Hochklassiger Schachsport wird am Sonntag, dem 24. Juni, ab 10.00 Uhr im &#8218;Musiksaal&#8216; des &#8218;Alten Rathaus&#8216; in Baden-Baden Lichtental geboten. Mit der Empfehlung Top-Bezirksblitzmeisterschaften im Einzel- und Mannschaftswettbewerb am 3. Oktober 2011 ausgerichtet zu haben, erhielten die Schachfreunde Lichtental vom Badischen Schachverband den Zuschlag, nun die Blitz-Cracks aus ganz Baden in der Kurstadt zur Badischen [&hellip;]<\/p>\n","protected":false},"author":1,"featured_media":0,"comment_status":"open","ping_status":"open","sticky":false,"template":"","format":"standard","meta":{"ngg_post_thumbnail":0,"footnotes":""},"categories":[15,20],"tags":[],"class_list":["post-7018","post","type-post","status-publish","format-standard","hentry","category-blitz-pokal","category-schachverband"],"aioseo_notices":[],"_links":{"self":[{"href":"https:\/\/www.schachbezirk-mittelbaden.de\/wp\/index.php?rest_route=\/wp\/v2\/posts\/7018","targetHints":{"allow":["GET"]}}],"collection":[{"href":"https:\/\/www.schachbezirk-mittelbaden.de\/wp\/index.php?rest_route=\/wp\/v2\/posts"}],"about":[{"href":"https:\/\/www.schachbezirk-mittelbaden.de\/wp\/index.php?rest_route=\/wp\/v2\/types\/post"}],"author":[{"embeddable":true,"href":"https:\/\/www.schachbezirk-mittelbaden.de\/wp\/index.php?rest_route=\/wp\/v2\/users\/1"}],"replies":[{"embeddable":true,"href":"https:\/\/www.schachbezirk-mittelbaden.de\/wp\/index.php?rest_route=%2Fwp%2Fv2%2Fcomments&post=7018"}],"version-history":[{"count":0,"href":"https:\/\/www.schachbezirk-mittelbaden.de\/wp\/index.php?rest_route=\/wp\/v2\/posts\/7018\/revisions"}],"wp:attachment":[{"href":"https:\/\/www.schachbezirk-mittelbaden.de\/wp\/index.php?rest_route=%2Fwp%2Fv2%2Fmedia&parent=7018"}],"wp:term":[{"taxonomy":"category","embeddable":true,"href":"https:\/\/www.schachbezirk-mittelbaden.de\/wp\/index.php?rest_route=%2Fwp%2Fv2%2Fcategories&post=7018"},{"taxonomy":"post_tag","embeddable":true,"href":"https:\/\/www.schachbezirk-mittelbaden.de\/wp\/index.php?rest_route=%2Fwp%2Fv2%2Ftags&post=7018"}],"curies":[{"name":"wp","href":"https:\/\/api.w.org\/{rel}","templated":true}]}}