{"id":7077,"date":"2012-05-10T16:01:02","date_gmt":"2012-05-10T14:01:02","guid":{"rendered":"http:\/\/www.schachbezirk-mittelbaden.de\/wp\/?p=7077"},"modified":"2012-05-10T16:01:02","modified_gmt":"2012-05-10T14:01:02","slug":"osg-mannschaftssimultan-2012-abgesagt","status":"publish","type":"post","link":"https:\/\/www.schachbezirk-mittelbaden.de\/wp\/?p=7077","title":{"rendered":"OSG-Mannschaftssimultan 2012 abgesagt"},"content":{"rendered":"<p>Das f\u00c3\u00bcr Samstag, den 28. Juli\u00c2\u00a02012, ab\u00c2\u00a015 Uhr geplante Mannschaftssimultan muss dieses Jahr leider ersatzlos ausfallen.<\/p>\n<p>Die Vorst\u00c3\u00a4nde der OSG Baden-Baden und des Schachzentrum Baden-Baden bedauern die Absage sehr.<br \/>\nDen Organisatoren bleibt jedoch keine andere Wahl, da der traditionelle Austragungsort, die Trinkhalle Baden-Baden, 2012 umfassend renoviert wird. Die Restaurationsarbeiten im Au\u00c3\u0178enbereich dauern bis zum Sp\u00c3\u00a4therbst an. Durch die Einr\u00c3\u00bcstung des Geb\u00c3\u00a4udes reduziert sich der Platz f\u00c3\u00bcr das Mannschaftssimultan betr\u00c3\u00a4chtlich. Auch Alternativm\u00c3\u00b6glichkeiten stehen in Baden-Baden 2012 nicht zur Verf\u00c3\u00bcgung.<br \/>\nDie bisher gemeldeten Teilnehmer werden in K\u00c3\u00bcrze \u00c3\u00bcber die Absage informiert.<\/p>\n<p>Traditionell spielen allj\u00c3\u00a4hrlich die Gro\u00c3\u0178meister und Gro\u00c3\u0178meisterinnen der OSG Baden-Baden gleichzeitig an bis zu 160 Brettern in der Trinkhalle in Baden-Baden. Auch Weltmeister <strong>Vishy Anand<\/strong> war in den letzten Jahren stets dabei. (Markus Keller)<\/p>\n<p><a href=\"http:\/\/www.schachzentrum-baden-baden.de\/?p=1583\" target=\"_blank\">Bericht vom Mannschaftssimultan 2011 <\/a><br \/>\n<a href=\"http:\/\/www.schachzentrum-baden-baden.de\/?page_id=436\" target=\"_blank\">Bildergalerie<\/a><\/p>\n<h3>Related Images:<\/h3>","protected":false},"excerpt":{"rendered":"<p>Das f\u00c3\u00bcr Samstag, den 28. Juli\u00c2\u00a02012, ab\u00c2\u00a015 Uhr geplante Mannschaftssimultan muss dieses Jahr leider ersatzlos ausfallen. Die Vorst\u00c3\u00a4nde der OSG Baden-Baden und des Schachzentrum Baden-Baden bedauern die Absage sehr. Den Organisatoren bleibt jedoch keine andere Wahl, da der traditionelle Austragungsort, die Trinkhalle Baden-Baden, 2012 umfassend renoviert wird. Die Restaurationsarbeiten im Au\u00c3\u0178enbereich dauern bis zum Sp\u00c3\u00a4therbst [&hellip;]<\/p>\n","protected":false},"author":1,"featured_media":0,"comment_status":"open","ping_status":"open","sticky":false,"template":"","format":"standard","meta":{"ngg_post_thumbnail":0,"footnotes":""},"categories":[7,46,18],"tags":[],"class_list":["post-7077","post","type-post","status-publish","format-standard","hentry","category-events","category-simultan","category-sz-baden-baden"],"aioseo_notices":[],"_links":{"self":[{"href":"https:\/\/www.schachbezirk-mittelbaden.de\/wp\/index.php?rest_route=\/wp\/v2\/posts\/7077","targetHints":{"allow":["GET"]}}],"collection":[{"href":"https:\/\/www.schachbezirk-mittelbaden.de\/wp\/index.php?rest_route=\/wp\/v2\/posts"}],"about":[{"href":"https:\/\/www.schachbezirk-mittelbaden.de\/wp\/index.php?rest_route=\/wp\/v2\/types\/post"}],"author":[{"embeddable":true,"href":"https:\/\/www.schachbezirk-mittelbaden.de\/wp\/index.php?rest_route=\/wp\/v2\/users\/1"}],"replies":[{"embeddable":true,"href":"https:\/\/www.schachbezirk-mittelbaden.de\/wp\/index.php?rest_route=%2Fwp%2Fv2%2Fcomments&post=7077"}],"version-history":[{"count":0,"href":"https:\/\/www.schachbezirk-mittelbaden.de\/wp\/index.php?rest_route=\/wp\/v2\/posts\/7077\/revisions"}],"wp:attachment":[{"href":"https:\/\/www.schachbezirk-mittelbaden.de\/wp\/index.php?rest_route=%2Fwp%2Fv2%2Fmedia&parent=7077"}],"wp:term":[{"taxonomy":"category","embeddable":true,"href":"https:\/\/www.schachbezirk-mittelbaden.de\/wp\/index.php?rest_route=%2Fwp%2Fv2%2Fcategories&post=7077"},{"taxonomy":"post_tag","embeddable":true,"href":"https:\/\/www.schachbezirk-mittelbaden.de\/wp\/index.php?rest_route=%2Fwp%2Fv2%2Ftags&post=7077"}],"curies":[{"name":"wp","href":"https:\/\/api.w.org\/{rel}","templated":true}]}}