{"id":9457,"date":"2013-06-24T02:27:00","date_gmt":"2013-06-24T00:27:00","guid":{"rendered":"http:\/\/www.schachbezirk-mittelbaden.de\/wp\/?p=9457"},"modified":"2013-06-24T02:46:24","modified_gmt":"2013-06-24T00:46:24","slug":"baumchen-wechsel-dich","status":"publish","type":"post","link":"https:\/\/www.schachbezirk-mittelbaden.de\/wp\/?p=9457","title":{"rendered":"B\u00c3\u00a4umchen wechsel Dich"},"content":{"rendered":"<table align=\"right\" cellspacing=\"8\" width=\"255\">\n<tr>\n<td><a href=\"http:\/\/www.schachbezirk-mittelbaden.de\/wp\/wp-content\/uploads\/2013\/06\/WiechertOberliga12-0111.jpg\" rel=\"lightbox[9457]\"><img loading=\"lazy\" decoding=\"async\" src=\"http:\/\/www.schachbezirk-mittelbaden.de\/wp\/wp-content\/uploads\/2013\/06\/WiechertOberliga12-0111-255x260.jpg\" title=\"FM Hans Wiechert\" width=\"255\" height=\"260\" \/><\/a><\/td>\n<\/tr>\n<tr>\n<td><strong>Wohl einer der spektakul\u00c3\u00a4rsten Transfers innerhalb des SB Mittelbadens: FM Hans Wiechert wechselt vom Oberligisten SGR Kuppenheim zum Bereichsligaaufsteiger SF Lichtental<\/strong><\/td>\n<\/tr>\n<\/table>\n<p align=\"justify\"><strong> &#8211; Ein Kommentar von Ferdinand B\u00c3\u00a4uerle<\/strong> &#8211;<br \/>\n\u00e2\u20ac\u017eDer Wechsel des aktiven Spielrechts ist innerhalb des Badischen Schachverbandes ab Beendigung der Verbandsrunde m\u00c3\u00b6glich. F\u00c3\u00bcr die Erteilung eines neuen aktiven Spielrechts bei einem anderen Verein ist die Abmeldung des alten aktiven Spielrechts bis zum 30.06. beim <a href=\"http:\/\/www.dv.badischer-schachverband.de\/anmelneux.htm\" onclick=\"window.open('', 'popup', 'width=920,height=725,scrollbars=yes, toolbar=no,status=no, resizable=yes,menubar=no,location=no,directories=no,top=10,left=10') \" target=\"popup\">Referenten f\u00c3\u00bcr Mitgliederverwaltung<\/a> n\u00c3\u00b6tig\u00e2\u20ac\u0153, so hei\u00c3\u0178t es trocken in den Regularien des An- und Abmeldeverfahren von Spielern im BSV. Neugierige Vereinsvorst\u00c3\u00a4nde und Mannschaftsf\u00c3\u00bchrer klickten daher in den vergangenen Tagen die Homepage von J\u00c3\u00bcrgen Dammann, die t\u00c3\u00a4glich aktuell Auskunft dar\u00c3\u00bcber liefert, welche Vereine Ab- bzw. Zug\u00c3\u00a4nge haben.<br \/>\nEine Woche vor dieser Wechselfrist kann man bereits ein Fazit ziehen: \u00c3\u0153ber 95 Prozent der 850 aktiven Spieler im Schachbezirk Mittelbaden sind sehr eng mit ihrem Verein verbunden und halten ihm die Treue. Es gibt nicht wie in der Fu\u00c3\u0178ball-Bundesliga spektakul\u00c3\u00a4re Wechsel wie z.B. Mario G\u00c3\u00b6tze von Borussia Dortmund zu Bayern M\u00c3\u00bcnchen, dennoch lohnt sich ein Blick auf die bislang erfolgten \u00e2\u20ac\u0161Transfers\u00e2\u20ac\u02dc.<br \/>\n\u00e2\u20ac\u017eIst denn beim SC Durmersheim \u00e2\u20ac\u0161Sommer-Schlussverkauf\u00e2\u20ac\u02dc?\u00e2\u20ac\u0153, fragte sich k\u00c3\u00bcrzlich ein Insider, und dies zu Recht, der Aderlass des ehemaligen Verbands- und mittlerweile Bereichsligisten sticht in der Gesamtbilanz heraus. Mit J\u00c3\u00bcrgen Heyse, Hans Peter Wenzel, Klaus M\u00c3\u00bcller, Pedro Fernandez, Sascha Schmidt und Roland Marquet, allesamt langj\u00c3\u00a4hrige St\u00c3\u00bctzen der II. Mannschaft, haben sich gleich sechs Spieler von dem 1949 gegr\u00c3\u00bcndeten Verein abgewandt. Profitiert davon haben die SGR Kuppenheim, die SF Lichtental, der SK \u00c3\u2013tigheim und der SC Weitenung.<br \/>\nHatte vergangene Saison noch die OSG Baden-Baden mit spektakul\u00c3\u00a4ren Neuzug\u00c3\u00a4ngen f\u00c3\u00bcr Schlagzeilen gesorgt, so bleibt es \u00e2\u20ac\u201c eine Woche vor Ablauf der Wechselfrist \u00e2\u20ac\u201c relativ ruhig links der Oos. IM Lorenz Drabke &#8211; bisher SG Solingen &#8211; kreuzt k\u00c3\u00bcnftig die Klingen f\u00c3\u00bcr das Oberligateam des achtmaligen Deutschen Mannschaftsmeisters. Unterdessen wundern sich selbst Branchenkenner wie es rechts der Oos der Vorstandschaft der Schachfreunde Lichtental gelang, mit FM Hans Wiechert von der SGR Kuppenheim und Dr. Hermann R\u00c3\u00bcckleben (SC Rastatt) zwei dicke Fische ans Land zu ziehen. Mit den zwei weiteren Neug\u00c3\u00a4ngen Hans Peter Wenzel und Dietmar Wendelga\u00c3\u0178 konnte man zudem die hinteren Bretter der I. Mannschaft verst\u00c3\u00a4rken.<br \/>\nW\u00c3\u00a4hrend man im Osten der Kurstadt dadurch ambitioniert ist, ein W\u00c3\u00b6rtchen in der Bereichsklasse vorne mitzusprechen, gibt Reiner Jung, der Vorsitzende der SF Oos, im Westen Baden-Badens die Devise \u00e2\u20ac\u0161Klassenerhalt\u00e2\u20ac\u02dc in der Bezirksklasse aus. Mit Robert Schaaf und Marc Wernert verlieren die Ooser \u00e2\u20ac\u201c wohnortm\u00c3\u00a4\u00c3\u0178ig jedoch bedingt &#8211;  ihre vorderen Bretter. Trauer herrscht auch beim SC Iffezheim. Colin Kramer (DWZ 2058) zieht es berufsbedingt nach M\u00c3\u00bcnchen, in die Weltstadt mit Herz, wie man h\u00c3\u00b6rt.<br \/>\nFreude kommt hingegen in B\u00c3\u00bchlertal auf. Mit Arnd Braun kehrt ein \u00e2\u20ac\u0161verlorener Sohn\u00e2\u20ac\u02dc zur\u00c3\u00bcck. Er soll in der kommenden Saison f\u00c3\u00bcr Stabilit\u00c3\u00a4t im Team von Michael Bentz sorgen. Braun, von Beruf Schornsteinfeger-meister, wechselt vom SC Klosterreichenbach  und ist nicht nur als Gl\u00c3\u00bccksbringer herzlich willkommen.<br \/>\nGro\u00c3\u0178geschrieben wird nach wie vor die Jugendarbeit beim SK Ottenau und den SF Sasbach. Die beiden engagierten Vereine haben\u00e2\u20ac\u02dc Zuwachs\u00e2\u20ac\u02dc im wahrsten Sinne des Wortes bekommen, sprich vor allem Kinder und Jugendliche, die ihre Kenntnisse verfeinern wollen.<br \/>\nBei den meisten Vereinen im Schachbezirk Mittelbaden wird jedoch quasi alles beim alten bleiben, sei es beispielsweise in Gernsbach, H\u00c3\u00b6rden, Muggensturm oder in Vimbuch. Der SC Durmersheim mag momentan ein Einzelfall hinsichtlich zahlreichen Abg\u00c3\u00a4ngen in unserem Bezirk sein, wirft man jedoch abschlie\u00c3\u0178end einen Blick in andere Bezirke des BSV, dann tauchen Parallelen auf. So geht diesbez\u00c3\u00bcglich Slavija Karlsruhe wohl schweren Zeiten entgegen. Mit Christian Tschann, Wolfgang Weiler, Cristian Villani und Mikhail Petrov haben vier Spieler die I. Mannschaft des Verbandsligisten verlassen.<br \/>\nBis zum 30.6. kann freilich noch der ein oder andere Verein ein Ass aus dem \u00c3\u201ermel ziehen. Von Beobachtern wird dies zwar als gering eingesch\u00c3\u00a4tzt, aber schauen wir mal, wie Fu\u00c3\u0178balllegende Franz Beckenbauer sagt.<\/p>\n<h3>Related Images:<\/h3>","protected":false},"excerpt":{"rendered":"<p>Wohl einer der spektakul\u00c3\u00a4rsten Transfers innerhalb des SB Mittelbadens: FM Hans Wiechert wechselt vom Oberligisten SGR Kuppenheim zum Bereichsligaaufsteiger SF Lichtental &#8211; Ein Kommentar von Ferdinand B\u00c3\u00a4uerle &#8211; \u00e2\u20ac\u017eDer Wechsel des aktiven Spielrechts ist innerhalb des Badischen Schachverbandes ab Beendigung der Verbandsrunde m\u00c3\u00b6glich. F\u00c3\u00bcr die Erteilung eines neuen aktiven Spielrechts bei einem anderen Verein ist [&hellip;]<\/p>\n","protected":false},"author":1,"featured_media":9460,"comment_status":"open","ping_status":"open","sticky":false,"template":"","format":"standard","meta":{"ngg_post_thumbnail":0,"footnotes":""},"categories":[31],"tags":[],"class_list":["post-9457","post","type-post","status-publish","format-standard","has-post-thumbnail","hentry","category-vereine"],"aioseo_notices":[],"_links":{"self":[{"href":"https:\/\/www.schachbezirk-mittelbaden.de\/wp\/index.php?rest_route=\/wp\/v2\/posts\/9457","targetHints":{"allow":["GET"]}}],"collection":[{"href":"https:\/\/www.schachbezirk-mittelbaden.de\/wp\/index.php?rest_route=\/wp\/v2\/posts"}],"about":[{"href":"https:\/\/www.schachbezirk-mittelbaden.de\/wp\/index.php?rest_route=\/wp\/v2\/types\/post"}],"author":[{"embeddable":true,"href":"https:\/\/www.schachbezirk-mittelbaden.de\/wp\/index.php?rest_route=\/wp\/v2\/users\/1"}],"replies":[{"embeddable":true,"href":"https:\/\/www.schachbezirk-mittelbaden.de\/wp\/index.php?rest_route=%2Fwp%2Fv2%2Fcomments&post=9457"}],"version-history":[{"count":0,"href":"https:\/\/www.schachbezirk-mittelbaden.de\/wp\/index.php?rest_route=\/wp\/v2\/posts\/9457\/revisions"}],"wp:featuredmedia":[{"embeddable":true,"href":"https:\/\/www.schachbezirk-mittelbaden.de\/wp\/index.php?rest_route=\/wp\/v2\/media\/9460"}],"wp:attachment":[{"href":"https:\/\/www.schachbezirk-mittelbaden.de\/wp\/index.php?rest_route=%2Fwp%2Fv2%2Fmedia&parent=9457"}],"wp:term":[{"taxonomy":"category","embeddable":true,"href":"https:\/\/www.schachbezirk-mittelbaden.de\/wp\/index.php?rest_route=%2Fwp%2Fv2%2Fcategories&post=9457"},{"taxonomy":"post_tag","embeddable":true,"href":"https:\/\/www.schachbezirk-mittelbaden.de\/wp\/index.php?rest_route=%2Fwp%2Fv2%2Ftags&post=9457"}],"curies":[{"name":"wp","href":"https:\/\/api.w.org\/{rel}","templated":true}]}}