{"id":9530,"date":"2013-06-29T18:08:06","date_gmt":"2013-06-29T16:08:06","guid":{"rendered":"http:\/\/www.schachbezirk-mittelbaden.de\/wp\/?p=9530"},"modified":"2013-06-30T16:35:51","modified_gmt":"2013-06-30T14:35:51","slug":"bbem-live-2","status":"publish","type":"post","link":"https:\/\/www.schachbezirk-mittelbaden.de\/wp\/?p=9530","title":{"rendered":"BBEM &#8211; live"},"content":{"rendered":"<table align=\"right\" cellspacing=\"8\" width=\"260\">\n<tr>\n<td><a href=\"https:\/\/picasaweb.google.com\/lh\/photo\/-EXtGtoj-jGq0ceQFqUTz8C5DhdQc1d5I3HA3oDrcxI?feat=embedwebsite\"><img decoding=\"async\" src=\"https:\/\/lh4.googleusercontent.com\/-tHSDeGZHZP4\/Uc84HHBYc2I\/AAAAAAAANgc\/IWV_kB1NC2E\/s260\/DSC08662.JPG\" width=\"260\" \/><\/a><\/td>\n<\/tr>\n<tr>\n<td style=\"font-family:arial,sans-serif; font-size:11px; text-align:right\">Aus <a href=\"https:\/\/picasaweb.google.com\/110723504758502098522\/BadischeBlitzeinzelmeisterschaft2013?authuser=0&#038;feat=embedwebsite\">Badische Blitzeinzelmeisterschaft 2013<\/a><\/td>\n<\/tr>\n<\/table>\n<p>Drei IMs und sieben FMs werden bei der <a href=\"http:\/\/blitz.walther-info.de\/pubbe13.htm\" onclick=\"window.open('', 'popup', 'width=850,height=725,scrollbars=yes, toolbar=no,status=no, resizable=yes,menubar=no,location=no,directories=no,top=10,left=10') \" target=\"popup\">Badischen Blitz-Einzelmeisterschaft 2013<\/a> heute um 10.30 Uhr in Baden-Baden Lichtental an den Start gehen. Selbst Branchenkenner legen sich nicht auf einen Sieger fest, zu hochkar\u00c3\u00a4tig ist das Feld mit 36 Spielern aus Nord-, Mittel- und S\u00c3\u00bcdbaden. Aktuelle News gibt es auf der <a href=\"http:\/\/www.schachfreundelichtental.blogspot.de\/p\/blog-page.html\">SFL-BBEM-Sonderseite<\/a>. \u00c3\u0153ber den Turnierverlauf berichten aktuell st\u00c3\u00bcndlich die Moderatoren Ferdinand B\u00c3\u00a4uerle und Gerhard Gorges auf dem <a href=\"http:\/\/schachfreundelichtental.blogspot.de\/p\/bbem-live-ticker-2013.html\">SFL-BBEM-Live-Ticker<\/a>. Klicken lohnt sich f\u00c3\u00bcr die Zuhausegebliebenen!<br \/>\n<a href=\"http:\/\/www.schachbezirk-mittelbaden.de\/14\/Bad-Blitz-Einzel-2013-Kreuz-R35.html\" onclick=\"window.open('', 'popup', 'width=1200,height=825,scrollbars=yes, toolbar=no,status=no, resizable=yes,menubar=no,location=no,directories=no,top=10,left=10') \" target=\"popup\">Endstand nach der 35. Runde<\/a><br \/>\nngg_shortcode_0_placeholder<\/p>\n<h3>Related Images:<\/h3>","protected":false},"excerpt":{"rendered":"<p>Aus Badische Blitzeinzelmeisterschaft 2013 Drei IMs und sieben FMs werden bei der Badischen Blitz-Einzelmeisterschaft 2013 heute um 10.30 Uhr in Baden-Baden Lichtental an den Start gehen. Selbst Branchenkenner legen sich nicht auf einen Sieger fest, zu hochkar\u00c3\u00a4tig ist das Feld mit 36 Spielern aus Nord-, Mittel- und S\u00c3\u00bcdbaden. Aktuelle News gibt es auf der SFL-BBEM-Sonderseite. [&hellip;]<\/p>\n","protected":false},"author":1,"featured_media":9517,"comment_status":"open","ping_status":"open","sticky":false,"template":"","format":"standard","meta":{"ngg_post_thumbnail":0,"footnotes":""},"categories":[15,20],"tags":[],"class_list":["post-9530","post","type-post","status-publish","format-standard","has-post-thumbnail","hentry","category-blitz-pokal","category-schachverband"],"aioseo_notices":[],"_links":{"self":[{"href":"https:\/\/www.schachbezirk-mittelbaden.de\/wp\/index.php?rest_route=\/wp\/v2\/posts\/9530","targetHints":{"allow":["GET"]}}],"collection":[{"href":"https:\/\/www.schachbezirk-mittelbaden.de\/wp\/index.php?rest_route=\/wp\/v2\/posts"}],"about":[{"href":"https:\/\/www.schachbezirk-mittelbaden.de\/wp\/index.php?rest_route=\/wp\/v2\/types\/post"}],"author":[{"embeddable":true,"href":"https:\/\/www.schachbezirk-mittelbaden.de\/wp\/index.php?rest_route=\/wp\/v2\/users\/1"}],"replies":[{"embeddable":true,"href":"https:\/\/www.schachbezirk-mittelbaden.de\/wp\/index.php?rest_route=%2Fwp%2Fv2%2Fcomments&post=9530"}],"version-history":[{"count":0,"href":"https:\/\/www.schachbezirk-mittelbaden.de\/wp\/index.php?rest_route=\/wp\/v2\/posts\/9530\/revisions"}],"wp:featuredmedia":[{"embeddable":true,"href":"https:\/\/www.schachbezirk-mittelbaden.de\/wp\/index.php?rest_route=\/wp\/v2\/media\/9517"}],"wp:attachment":[{"href":"https:\/\/www.schachbezirk-mittelbaden.de\/wp\/index.php?rest_route=%2Fwp%2Fv2%2Fmedia&parent=9530"}],"wp:term":[{"taxonomy":"category","embeddable":true,"href":"https:\/\/www.schachbezirk-mittelbaden.de\/wp\/index.php?rest_route=%2Fwp%2Fv2%2Fcategories&post=9530"},{"taxonomy":"post_tag","embeddable":true,"href":"https:\/\/www.schachbezirk-mittelbaden.de\/wp\/index.php?rest_route=%2Fwp%2Fv2%2Ftags&post=9530"}],"curies":[{"name":"wp","href":"https:\/\/api.w.org\/{rel}","templated":true}]}}