{"id":9930,"date":"2013-09-08T23:57:31","date_gmt":"2013-09-08T21:57:31","guid":{"rendered":"http:\/\/www.schachbezirk-mittelbaden.de\/wp\/?p=9930"},"modified":"2013-09-12T17:58:36","modified_gmt":"2013-09-12T15:58:36","slug":"paula-wiesner-gewinnt-schachkongress","status":"publish","type":"post","link":"https:\/\/www.schachbezirk-mittelbaden.de\/wp\/?p=9930","title":{"rendered":"Paula Wiesner gewinnt Schachkongress 2013"},"content":{"rendered":"<table style=\"width:194px;\" align=\"right\">\n<tr>\n<td align=\"center\" style=\"height:194px;background:url(https:\/\/picasaweb.google.com\/s\/c\/transparent_album_background.gif) no-repeat left\"><a href=\"https:\/\/picasaweb.google.com\/110723504758502098522\/Schachkongress2013?authuser=0&#038;feat=embedwebsite\"><img loading=\"lazy\" decoding=\"async\" src=\"https:\/\/lh6.googleusercontent.com\/-6gBp0agIaCE\/UizKQMVeIEE\/AAAAAAAAOSU\/ETSYx8y7XWo\/s160-c\/Schachkongress2013.jpg\" width=\"160\" height=\"160\" style=\"margin:1px 0 0 4px;\"><\/a><\/td>\n<\/tr>\n<tr>\n<td style=\"text-align:center;font-family:arial,sans-serif;font-size:11px\"><a href=\"https:\/\/picasaweb.google.com\/110723504758502098522\/Schachkongress2013?authuser=0&#038;feat=embedwebsite\" style=\"color:#4D4D4D;font-weight:bold;text-decoration:none;\">Schachkongress 2013<\/a><\/td>\n<\/tr>\n<\/table>\n<p> Mit nur m\u00c3\u00a4\u00c3\u0178iger Beteiligung von weniger als 30 Schachspielern aus Mittelbaden einschlie\u00c3\u0178lich 8 Teilnehmern aus angrenzenden Bezirken fand am Wochenende in Sasbach die diesj\u00c3\u00a4hrige offizielle Bezirkseinzelmeisterschaft &#8211; der Mittelbadische Schachkongress 2013 &#8211; statt. Aufgeteilt in die Meisterklasse und das Hauptturnier \u00e2\u20ac\u0153tagten\u00e2\u20ac\u009d die Kontrahenten 5 Runden nach \u00e2\u20ac\u0153Schweizer System\u00e2\u20ac\u009d um Titel, Pokale und Wertungszahlen. Paula Wiesner von den Karlsruher Schachfreunden gewann das A-Turnier vor Achim Sexauer (SK Lahr) und dem besten Mittelbadener Ralf Gantner (SGR Kuppenheim). Im B-Turnier d\u00c3\u00bcpierte der erst 9-j\u00c3\u00a4hrige Andrei Ioan Trifan aus Lahr die gesamte Konkurrenz, angef\u00c3\u00bchrt von Oliver Stahlberger (SK Ottenau) und Wolfgang Schell (SF Sasbach). Ein ausf\u00c3\u00bchrlicher Bericht wird in den n\u00c3\u00a4chsten Tagen durch &#8222;Schiedsrichterassistent&#8220; NSR Bernhard Ast erstellt. Die offizielle Leitung der Veranstaltung oblag Fide-Schiedsrichteranw\u00c3\u00a4rter NSR Michael R\u00c3\u00bctten. (Gerhard Gorges, Webmaster)<\/p>\n<p><a href=\"http:\/\/www.schachbezirk-mittelbaden.de\/wp\/wp-content\/uploads\/2013\/09\/B336-106-SKA.pdf\">DWZ-Auswertung A-Turnier<\/a> | <a href=\"http:\/\/www.schachbezirk-mittelbaden.de\/wp\/wp-content\/uploads\/2013\/09\/B336-106-SKB.pdf\">DWZ-Auswertung B-Turnier<\/a> | <a href=\"https:\/\/picasaweb.google.com\/110723504758502098522\/Schachkongress2013?noredirect=1\">Bildergalerie<\/a><\/p>\n<p><iframe loading=\"lazy\" src=\"http:\/\/www.schachlinks.com\/cgi-bin\/admin\/swiss_iframe.cgi?action=tab_auflistung&#038;turnier_id=2372&#038;session_key=opqa373kbcd\" width=\"99%\" height=\"600\" name=\"chess_box\"><\/p>\n<p>Ihr Browser unterst\u00c3\u00bctzt leider keine IFrames!<\/iframe><\/p>\n<p><iframe loading=\"lazy\" src=\"http:\/\/www.schachlinks.com\/cgi-bin\/admin\/swiss_iframe.cgi?action=tab_auflistung&#038;turnier_id=2371&#038;session_key=ssci016ifao\" width=\"99%\" height=\"600\" name=\"chess_box\"><\/p>\n<p>Ihr Browser unterst\u00c3\u00bctzt leider keine IFrames!<\/iframe><\/p>\n<h3>Related Images:<\/h3>","protected":false},"excerpt":{"rendered":"<p>Schachkongress 2013 Mit nur m\u00c3\u00a4\u00c3\u0178iger Beteiligung von weniger als 30 Schachspielern aus Mittelbaden einschlie\u00c3\u0178lich 8 Teilnehmern aus angrenzenden Bezirken fand am Wochenende in Sasbach die diesj\u00c3\u00a4hrige offizielle Bezirkseinzelmeisterschaft &#8211; der Mittelbadische Schachkongress 2013 &#8211; statt. Aufgeteilt in die Meisterklasse und das Hauptturnier \u00e2\u20ac\u0153tagten\u00e2\u20ac\u009d die Kontrahenten 5 Runden nach \u00e2\u20ac\u0153Schweizer System\u00e2\u20ac\u009d um Titel, Pokale und Wertungszahlen. [&hellip;]<\/p>\n","protected":false},"author":1,"featured_media":9941,"comment_status":"open","ping_status":"open","sticky":false,"template":"","format":"standard","meta":{"ngg_post_thumbnail":0,"footnotes":""},"categories":[9,28],"tags":[],"class_list":["post-9930","post","type-post","status-publish","format-standard","has-post-thumbnail","hentry","category-open","category-spielbetrieb"],"aioseo_notices":[],"_links":{"self":[{"href":"https:\/\/www.schachbezirk-mittelbaden.de\/wp\/index.php?rest_route=\/wp\/v2\/posts\/9930","targetHints":{"allow":["GET"]}}],"collection":[{"href":"https:\/\/www.schachbezirk-mittelbaden.de\/wp\/index.php?rest_route=\/wp\/v2\/posts"}],"about":[{"href":"https:\/\/www.schachbezirk-mittelbaden.de\/wp\/index.php?rest_route=\/wp\/v2\/types\/post"}],"author":[{"embeddable":true,"href":"https:\/\/www.schachbezirk-mittelbaden.de\/wp\/index.php?rest_route=\/wp\/v2\/users\/1"}],"replies":[{"embeddable":true,"href":"https:\/\/www.schachbezirk-mittelbaden.de\/wp\/index.php?rest_route=%2Fwp%2Fv2%2Fcomments&post=9930"}],"version-history":[{"count":0,"href":"https:\/\/www.schachbezirk-mittelbaden.de\/wp\/index.php?rest_route=\/wp\/v2\/posts\/9930\/revisions"}],"wp:featuredmedia":[{"embeddable":true,"href":"https:\/\/www.schachbezirk-mittelbaden.de\/wp\/index.php?rest_route=\/wp\/v2\/media\/9941"}],"wp:attachment":[{"href":"https:\/\/www.schachbezirk-mittelbaden.de\/wp\/index.php?rest_route=%2Fwp%2Fv2%2Fmedia&parent=9930"}],"wp:term":[{"taxonomy":"category","embeddable":true,"href":"https:\/\/www.schachbezirk-mittelbaden.de\/wp\/index.php?rest_route=%2Fwp%2Fv2%2Fcategories&post=9930"},{"taxonomy":"post_tag","embeddable":true,"href":"https:\/\/www.schachbezirk-mittelbaden.de\/wp\/index.php?rest_route=%2Fwp%2Fv2%2Ftags&post=9930"}],"curies":[{"name":"wp","href":"https:\/\/api.w.org\/{rel}","templated":true}]}}