{"id":9962,"date":"2013-09-24T17:31:15","date_gmt":"2013-09-24T15:31:15","guid":{"rendered":"http:\/\/www.schachbezirk-mittelbaden.de\/wp\/?p=9962"},"modified":"2013-09-24T17:35:24","modified_gmt":"2013-09-24T15:35:24","slug":"1-runde-einzelpokal-201314","status":"publish","type":"post","link":"https:\/\/www.schachbezirk-mittelbaden.de\/wp\/?p=9962","title":{"rendered":"1. Runde Einzelpokal 2013\/14"},"content":{"rendered":"<p>Am <strong>Freitag, 27.09.2013 um 19.30 Uhr<\/strong> startet die zweite Erstrunde im <strong><a href=\"http:\/\/www.schachbezirk-mittelbaden.de\/wp\/wp-content\/uploads\/2013\/08\/EP_2013-14.pdf\">Mittelbadischen Einzelpokal 2013\/14<\/a><\/strong> im <strong>Vereinslokal des SK \u00c3\u2013tigheim<\/strong>. Dies ist zugleich die letzte M\u00c3\u00b6glichkeit an diesem Wettbewerb in dieser Saison teilzunehmen! Angesichts dessen, dass bei der Veranstaltung in B\u00c3\u00bchlertal am letzten Freitag nur 10 Wettbewerber an den Start gingen, der SC Weitenung stellte allein von diesen 6 (!) Teilnehmer, und hierbei einige Bezirksgr\u00c3\u00b6\u00c3\u0178en im Pokal  (u. a. aus Kuppenheim, Sasbach und H\u00c3\u00b6rden) noch nicht gespielt haben, ist zu hoffen, dass sich das Starterfeld in \u00c3\u2013tigheim noch erheblich vergr\u00c3\u00b6\u00c3\u0178ert. Die Auslosung der Zwischenrunde oder Zweitrunde wird im Anschluss an die Beendigung der letzten Partie der Erstrunde in \u00c3\u2013tigheim erfolgen.<br \/>\nBernhard Ast<br \/>\nBTL Mittelbaden <\/p>\n<p><strong>Ergebnisse vom 20.09.2013 in B\u00c3\u00bchlertal:<\/strong><\/p>\n<ul>\n<li>Dieter Fiedler (SC Weitenung) &#8211; <strong>Bruno Reck (SC Weitenung)<\/strong> 0:1<\/li>\n<li><strong>Bernhard Ast (SC Iffezheim)<\/strong> &#8211; Marcus Metz (SC Weitenung) 1:0<\/li>\n<li>Lucas Metz (SC Weitenung) &#8211; <strong>Wolfgang Bodemer (SC Weitenung)<\/strong> 0:1<\/li>\n<li>Hans-Dieter Posselt (SC Weitenung) &#8211; <strong>Uli Metz (SF Sasbach)<\/strong> 0:1<\/li>\n<li>Karl Vollmer (SC B\u00c3\u00bchlertal) &#8211; <strong>Thomas Belikan (SC B\u00c3\u00bchlertal)<\/strong> 0:1<\/li>\n<\/ul>\n<h3>Related Images:<\/h3>","protected":false},"excerpt":{"rendered":"<p>Am Freitag, 27.09.2013 um 19.30 Uhr startet die zweite Erstrunde im Mittelbadischen Einzelpokal 2013\/14 im Vereinslokal des SK \u00c3\u2013tigheim. Dies ist zugleich die letzte M\u00c3\u00b6glichkeit an diesem Wettbewerb in dieser Saison teilzunehmen! Angesichts dessen, dass bei der Veranstaltung in B\u00c3\u00bchlertal am letzten Freitag nur 10 Wettbewerber an den Start gingen, der SC Weitenung stellte allein [&hellip;]<\/p>\n","protected":false},"author":1,"featured_media":0,"comment_status":"open","ping_status":"open","sticky":false,"template":"","format":"standard","meta":{"ngg_post_thumbnail":0,"footnotes":""},"categories":[15],"tags":[],"class_list":["post-9962","post","type-post","status-publish","format-standard","hentry","category-blitz-pokal"],"aioseo_notices":[],"_links":{"self":[{"href":"https:\/\/www.schachbezirk-mittelbaden.de\/wp\/index.php?rest_route=\/wp\/v2\/posts\/9962","targetHints":{"allow":["GET"]}}],"collection":[{"href":"https:\/\/www.schachbezirk-mittelbaden.de\/wp\/index.php?rest_route=\/wp\/v2\/posts"}],"about":[{"href":"https:\/\/www.schachbezirk-mittelbaden.de\/wp\/index.php?rest_route=\/wp\/v2\/types\/post"}],"author":[{"embeddable":true,"href":"https:\/\/www.schachbezirk-mittelbaden.de\/wp\/index.php?rest_route=\/wp\/v2\/users\/1"}],"replies":[{"embeddable":true,"href":"https:\/\/www.schachbezirk-mittelbaden.de\/wp\/index.php?rest_route=%2Fwp%2Fv2%2Fcomments&post=9962"}],"version-history":[{"count":0,"href":"https:\/\/www.schachbezirk-mittelbaden.de\/wp\/index.php?rest_route=\/wp\/v2\/posts\/9962\/revisions"}],"wp:attachment":[{"href":"https:\/\/www.schachbezirk-mittelbaden.de\/wp\/index.php?rest_route=%2Fwp%2Fv2%2Fmedia&parent=9962"}],"wp:term":[{"taxonomy":"category","embeddable":true,"href":"https:\/\/www.schachbezirk-mittelbaden.de\/wp\/index.php?rest_route=%2Fwp%2Fv2%2Fcategories&post=9962"},{"taxonomy":"post_tag","embeddable":true,"href":"https:\/\/www.schachbezirk-mittelbaden.de\/wp\/index.php?rest_route=%2Fwp%2Fv2%2Ftags&post=9962"}],"curies":[{"name":"wp","href":"https:\/\/api.w.org\/{rel}","templated":true}]}}